{"id":4935,"date":"2020-10-27T11:21:36","date_gmt":"2020-10-27T09:21:36","guid":{"rendered":"https:\/\/pro-bit.si\/?p=4935"},"modified":"2020-11-11T09:53:30","modified_gmt":"2020-11-11T07:53:30","slug":"sprejet-nov-svezenj-ukrepov-v-boju-proti-covid-19-pkp5","status":"publish","type":"post","link":"https:\/\/pro-bit.biz\/en\/sprejet-nov-svezenj-ukrepov-v-boju-proti-covid-19-pkp5\/","title":{"rendered":"PKP5 in Predlog PKP6 ter ukrepi Vlade RS za zajezitev \u0161irjenja Covid -19"},"content":{"rendered":"<div data-elementor-type=\"wp-post\" data-elementor-id=\"4935\" class=\"elementor elementor-4935\">\n\t\t\t\t\t\t<section class=\"elementor-section elementor-top-section elementor-element elementor-element-bf60632 elementor-section-boxed elementor-section-height-default elementor-section-height-default\" data-id=\"bf60632\" data-element_type=\"section\">\n\t\t\t\t\t\t<div class=\"elementor-container elementor-column-gap-default\">\n\t\t\t\t\t<div class=\"elementor-column elementor-col-100 elementor-top-column elementor-element elementor-element-fca1d8f\" data-id=\"fca1d8f\" data-element_type=\"column\">\n\t\t\t<div class=\"elementor-widget-wrap elementor-element-populated\">\n\t\t\t\t\t\t<div class=\"elementor-element elementor-element-0d09729 elementor-widget elementor-widget-image\" data-id=\"0d09729\" data-element_type=\"widget\" data-widget_type=\"image.default\">\n\t\t\t\t<div class=\"elementor-widget-container\">\n\t\t\t\t\t\t\t\t\t\t\t\t\t<img fetchpriority=\"high\" decoding=\"async\" width=\"1024\" height=\"576\" src=\"https:\/\/pro-bit.biz\/wp-content\/uploads\/2020\/10\/PKP5-1024x576.png\" class=\"attachment-large size-large wp-image-4940\" alt=\"\" srcset=\"https:\/\/pro-bit.biz\/wp-content\/uploads\/2020\/10\/PKP5-1024x576.png 1024w, https:\/\/pro-bit.biz\/wp-content\/uploads\/2020\/10\/PKP5-300x169.png 300w, https:\/\/pro-bit.biz\/wp-content\/uploads\/2020\/10\/PKP5-768x432.png 768w, https:\/\/pro-bit.biz\/wp-content\/uploads\/2020\/10\/PKP5-1536x864.png 1536w, https:\/\/pro-bit.biz\/wp-content\/uploads\/2020\/10\/PKP5.png 1920w\" sizes=\"(max-width: 1024px) 100vw, 1024px\" \/>\t\t\t\t\t\t\t\t\t\t\t\t\t<\/div>\n\t\t\t\t<\/div>\n\t\t\t\t\t<\/div>\n\t\t<\/div>\n\t\t\t\t\t<\/div>\n\t\t<\/section>\n\t\t\t\t<section class=\"elementor-section elementor-top-section elementor-element elementor-element-8fedc2e elementor-section-boxed elementor-section-height-default elementor-section-height-default\" data-id=\"8fedc2e\" data-element_type=\"section\">\n\t\t\t\t\t\t<div class=\"elementor-container elementor-column-gap-default\">\n\t\t\t\t\t<div class=\"elementor-column elementor-col-100 elementor-top-column elementor-element elementor-element-ae14044\" data-id=\"ae14044\" data-element_type=\"column\">\n\t\t\t<div class=\"elementor-widget-wrap elementor-element-populated\">\n\t\t\t\t\t\t<div class=\"elementor-element elementor-element-3655002 elementor-widget elementor-widget-text-editor\" data-id=\"3655002\" data-element_type=\"widget\" data-widget_type=\"text-editor.default\">\n\t\t\t\t<div class=\"elementor-widget-container\">\n\t\t\t\t\t\t\t<div class=\"intro\"><p>Dr\u017eavni zbor je 15. 10. 2020 potrdil predlog <strong>Zakona o interventnih ukrepih za omilitev in odpravo posledic COVID-19 ali tako imenovani peti protikorona paket (PKP5).<\/strong> Gre za peti sve\u017eenj ukrepov, katerega nosilec je Ministrstvo za delo, dru\u017eino, socialne zadeve in enake mo\u017enosti.\u00a0<\/p><\/div><div class=\"content-blocks elements\"><div id=\"e84344\" class=\"typo content-element__content content-module\"><div class=\"adapt\"><p>Peti paket ukrepov v ospredje postavlja za\u0161\u010dito delovnih mest, skrb za starej\u0161e in prepre\u010devanje \u0161irjenja oku\u017eb s COVID-19. Zajema ukrepe na podro\u010dju zdravstva, dela, socialnega varstva, gospodarstva, vzgoje in izobra\u017eevanja, izvr\u0161evanja kazenskih sankcij in pravosodja, kmetijstva, gospodarstva in prehrane ter infrastrukture.<\/p><\/div><\/div><\/div>\t\t\t\t\t\t<\/div>\n\t\t\t\t<\/div>\n\t\t\t\t\t<\/div>\n\t\t<\/div>\n\t\t\t\t\t<\/div>\n\t\t<\/section>\n\t\t\t\t<section class=\"elementor-section elementor-top-section elementor-element elementor-element-b826507 elementor-section-boxed elementor-section-height-default elementor-section-height-default\" data-id=\"b826507\" data-element_type=\"section\">\n\t\t\t\t\t\t<div class=\"elementor-container elementor-column-gap-default\">\n\t\t\t\t\t<div class=\"elementor-column elementor-col-100 elementor-top-column elementor-element elementor-element-8c5779d\" data-id=\"8c5779d\" data-element_type=\"column\">\n\t\t\t<div class=\"elementor-widget-wrap elementor-element-populated\">\n\t\t\t\t\t\t<div class=\"elementor-element elementor-element-773cf95 elementor-widget elementor-widget-heading\" data-id=\"773cf95\" data-element_type=\"widget\" data-widget_type=\"heading.default\">\n\t\t\t\t<div class=\"elementor-widget-container\">\n\t\t\t<h2 class=\"elementor-heading-title elementor-size-default\">Kaj vse vklju\u010duje peti paket?\u00a0<\/h2>\t\t<\/div>\n\t\t\t\t<\/div>\n\t\t\t\t\t<\/div>\n\t\t<\/div>\n\t\t\t\t\t<\/div>\n\t\t<\/section>\n\t\t\t\t<section class=\"elementor-section elementor-top-section elementor-element elementor-element-7b78013 elementor-section-boxed elementor-section-height-default elementor-section-height-default\" data-id=\"7b78013\" data-element_type=\"section\">\n\t\t\t\t\t\t<div class=\"elementor-container elementor-column-gap-default\">\n\t\t\t\t\t<div class=\"elementor-column elementor-col-100 elementor-top-column elementor-element elementor-element-33d52dd\" data-id=\"33d52dd\" data-element_type=\"column\">\n\t\t\t<div class=\"elementor-widget-wrap elementor-element-populated\">\n\t\t\t\t\t\t<div class=\"elementor-element elementor-element-d21a0b3 elementor-button-info elementor-align-center elementor-widget elementor-widget-button\" data-id=\"d21a0b3\" data-element_type=\"widget\" data-widget_type=\"button.default\">\n\t\t\t\t<div class=\"elementor-widget-container\">\n\t\t\t\t\t<div class=\"elementor-button-wrapper\">\n\t\t\t<a class=\"elementor-button elementor-button-link elementor-size-sm\" href=\"https:\/\/www.gov.si\/novice\/2020-10-16-sprejet-nov-svezenj-ukrepov-v-boju-proti-covid-19\/\" target=\"_blank\">\n\t\t\t\t\t\t<span class=\"elementor-button-content-wrapper\">\n\t\t\t\t\t\t\t\t\t<span class=\"elementor-button-text\">Kaj vsebuje PKP5? Ve\u010d tukaj >><\/span>\n\t\t\t\t\t<\/span>\n\t\t\t\t\t<\/a>\n\t\t<\/div>\n\t\t\t\t<\/div>\n\t\t\t\t<\/div>\n\t\t\t\t\t<\/div>\n\t\t<\/div>\n\t\t\t\t\t<\/div>\n\t\t<\/section>\n\t\t\t\t<section class=\"elementor-section elementor-top-section elementor-element elementor-element-5ba648c elementor-section-boxed elementor-section-height-default elementor-section-height-default\" data-id=\"5ba648c\" data-element_type=\"section\">\n\t\t\t\t\t\t<div class=\"elementor-container elementor-column-gap-default\">\n\t\t\t\t\t<div class=\"elementor-column elementor-col-100 elementor-top-column elementor-element elementor-element-9bb8a44\" data-id=\"9bb8a44\" data-element_type=\"column\">\n\t\t\t<div class=\"elementor-widget-wrap elementor-element-populated\">\n\t\t\t\t\t\t<div class=\"elementor-element elementor-element-1880abb elementor-widget elementor-widget-heading\" data-id=\"1880abb\" data-element_type=\"widget\" data-widget_type=\"heading.default\">\n\t\t\t\t<div class=\"elementor-widget-container\">\n\t\t\t<h2 class=\"elementor-heading-title elementor-size-default\">Koliko vam pripada in kdo je pla\u010dnik nadomestila v primeru razli\u010dnih vrst odsotnosti?<\/h2>\t\t<\/div>\n\t\t\t\t<\/div>\n\t\t\t\t\t<\/div>\n\t\t<\/div>\n\t\t\t\t\t<\/div>\n\t\t<\/section>\n\t\t\t\t<section class=\"elementor-section elementor-top-section elementor-element elementor-element-c219de4 elementor-section-boxed elementor-section-height-default elementor-section-height-default\" data-id=\"c219de4\" data-element_type=\"section\">\n\t\t\t\t\t\t<div class=\"elementor-container elementor-column-gap-default\">\n\t\t\t\t\t<div class=\"elementor-column elementor-col-100 elementor-top-column elementor-element elementor-element-d9ea3d9\" data-id=\"d9ea3d9\" data-element_type=\"column\">\n\t\t\t<div class=\"elementor-widget-wrap elementor-element-populated\">\n\t\t\t\t\t\t<div class=\"elementor-element elementor-element-e62c47f elementor-widget elementor-widget-text-editor\" data-id=\"e62c47f\" data-element_type=\"widget\" data-widget_type=\"text-editor.default\">\n\t\t\t\t<div class=\"elementor-widget-container\">\n\t\t\t\t\t\t\t<h4 class=\"element-title\" style=\"text-align: center;\">Tabelarni pregled odsotnosti in vi\u0161ine nadomestil s klikom na spodnji gumb.<\/h4>\t\t\t\t\t\t<\/div>\n\t\t\t\t<\/div>\n\t\t\t\t\t<\/div>\n\t\t<\/div>\n\t\t\t\t\t<\/div>\n\t\t<\/section>\n\t\t\t\t<section class=\"elementor-section elementor-top-section elementor-element elementor-element-d56c93c elementor-section-boxed elementor-section-height-default elementor-section-height-default\" data-id=\"d56c93c\" data-element_type=\"section\">\n\t\t\t\t\t\t<div class=\"elementor-container elementor-column-gap-default\">\n\t\t\t\t\t<div class=\"elementor-column elementor-col-100 elementor-top-column elementor-element elementor-element-3c240a7\" data-id=\"3c240a7\" data-element_type=\"column\">\n\t\t\t<div class=\"elementor-widget-wrap elementor-element-populated\">\n\t\t\t\t\t\t<div class=\"elementor-element elementor-element-d85a986 elementor-align-center elementor-button-info elementor-widget elementor-widget-button\" data-id=\"d85a986\" data-element_type=\"widget\" data-widget_type=\"button.default\">\n\t\t\t\t<div class=\"elementor-widget-container\">\n\t\t\t\t\t<div class=\"elementor-button-wrapper\">\n\t\t\t<a class=\"elementor-button elementor-button-link elementor-size-sm\" href=\"https:\/\/www.gov.si\/teme\/koronavirus-sars-cov-2\/odpravljanje-posledic-epidemije\/peti-paket-ukrepov-za-omilitev-posledic-epidemije-pkp5\/\" target=\"_blank\">\n\t\t\t\t\t\t<span class=\"elementor-button-content-wrapper\">\n\t\t\t\t\t\t\t\t\t<span class=\"elementor-button-text\">Ve\u010d o nadomestilih TUKAJ >><\/span>\n\t\t\t\t\t<\/span>\n\t\t\t\t\t<\/a>\n\t\t<\/div>\n\t\t\t\t<\/div>\n\t\t\t\t<\/div>\n\t\t\t\t\t<\/div>\n\t\t<\/div>\n\t\t\t\t\t<\/div>\n\t\t<\/section>\n\t\t\t\t<section class=\"elementor-section elementor-top-section elementor-element elementor-element-e3de203 elementor-section-boxed elementor-section-height-default elementor-section-height-default\" data-id=\"e3de203\" data-element_type=\"section\">\n\t\t\t\t\t\t<div class=\"elementor-container elementor-column-gap-default\">\n\t\t\t\t\t<div class=\"elementor-column elementor-col-100 elementor-top-column elementor-element elementor-element-d0f91e8\" data-id=\"d0f91e8\" data-element_type=\"column\">\n\t\t\t<div class=\"elementor-widget-wrap elementor-element-populated\">\n\t\t\t\t\t\t<div class=\"elementor-element elementor-element-351d05a elementor-widget elementor-widget-text-editor\" data-id=\"351d05a\" data-element_type=\"widget\" data-widget_type=\"text-editor.default\">\n\t\t\t\t<div class=\"elementor-widget-container\">\n\t\t\t\t\t\t\t<p>Sve\u017eenj ukrepov tako na novo uvaja oziroma podalj\u0161uje \u017ee veljavne ukrepe, ki v ospredje postavljajo za\u0161\u010dito delovnih mest, skrb za starej\u0161e in prepre\u010devanje \u0161irjenja oku\u017eb s COVID-19.<\/p>\t\t\t\t\t\t<\/div>\n\t\t\t\t<\/div>\n\t\t\t\t\t<\/div>\n\t\t<\/div>\n\t\t\t\t\t<\/div>\n\t\t<\/section>\n\t\t\t\t<section class=\"elementor-section elementor-top-section elementor-element elementor-element-ac5d408 elementor-section-boxed elementor-section-height-default elementor-section-height-default\" data-id=\"ac5d408\" data-element_type=\"section\">\n\t\t\t\t\t\t<div class=\"elementor-container elementor-column-gap-default\">\n\t\t\t\t\t<div class=\"elementor-column elementor-col-100 elementor-top-column elementor-element elementor-element-13f1c51\" data-id=\"13f1c51\" data-element_type=\"column\">\n\t\t\t<div class=\"elementor-widget-wrap elementor-element-populated\">\n\t\t\t\t\t\t<div class=\"elementor-element elementor-element-dd9994c elementor-button-info elementor-align-center elementor-widget elementor-widget-button\" data-id=\"dd9994c\" data-element_type=\"widget\" data-widget_type=\"button.default\">\n\t\t\t\t<div class=\"elementor-widget-container\">\n\t\t\t\t\t<div class=\"elementor-button-wrapper\">\n\t\t\t<a class=\"elementor-button elementor-button-link elementor-size-md\" href=\"https:\/\/www.gov.si\/assets\/ministrstva\/MDDSZ\/zakonodaja\/PKP-5-sprejet.pdf\" target=\"_blank\">\n\t\t\t\t\t\t<span class=\"elementor-button-content-wrapper\">\n\t\t\t\t\t\t\t\t\t<span class=\"elementor-button-text\">Besedilo Zakona o interventnih ukrepih za omilitev in odpravo posledic COVID-19 TUKAJ >><\/span>\n\t\t\t\t\t<\/span>\n\t\t\t\t\t<\/a>\n\t\t<\/div>\n\t\t\t\t<\/div>\n\t\t\t\t<\/div>\n\t\t\t\t\t<\/div>\n\t\t<\/div>\n\t\t\t\t\t<\/div>\n\t\t<\/section>\n\t\t\t\t<section class=\"elementor-section elementor-top-section elementor-element elementor-element-a2dec69 elementor-section-boxed elementor-section-height-default elementor-section-height-default\" data-id=\"a2dec69\" data-element_type=\"section\">\n\t\t\t\t\t\t<div class=\"elementor-container elementor-column-gap-default\">\n\t\t\t\t\t<div class=\"elementor-column elementor-col-100 elementor-top-column elementor-element elementor-element-d0e86cc\" data-id=\"d0e86cc\" data-element_type=\"column\">\n\t\t\t<div class=\"elementor-widget-wrap elementor-element-populated\">\n\t\t\t\t\t\t<div class=\"elementor-element elementor-element-6edf2c3 elementor-widget elementor-widget-heading\" data-id=\"6edf2c3\" data-element_type=\"widget\" data-widget_type=\"heading.default\">\n\t\t\t\t<div class=\"elementor-widget-container\">\n\t\t\t<h2 class=\"elementor-heading-title elementor-size-default\">Ukrepi za zajezitev \u0161irjenja oku\u017eb <\/h2>\t\t<\/div>\n\t\t\t\t<\/div>\n\t\t\t\t\t<\/div>\n\t\t<\/div>\n\t\t\t\t\t<\/div>\n\t\t<\/section>\n\t\t\t\t<section class=\"elementor-section elementor-top-section elementor-element elementor-element-bd8d340 elementor-section-boxed elementor-section-height-default elementor-section-height-default\" data-id=\"bd8d340\" data-element_type=\"section\">\n\t\t\t\t\t\t<div class=\"elementor-container elementor-column-gap-default\">\n\t\t\t\t\t<div class=\"elementor-column elementor-col-100 elementor-top-column elementor-element elementor-element-08bbedb\" data-id=\"08bbedb\" data-element_type=\"column\">\n\t\t\t<div class=\"elementor-widget-wrap elementor-element-populated\">\n\t\t\t\t\t\t<div class=\"elementor-element elementor-element-3a3c831 elementor-widget elementor-widget-text-editor\" data-id=\"3a3c831\" data-element_type=\"widget\" data-widget_type=\"text-editor.default\">\n\t\t\t\t<div class=\"elementor-widget-container\">\n\t\t\t\t\t\t\t<p>Ukrepe za zajezitev \u0161irjenja oku\u017eb Vlada RS prilagaja glede na epidemiolo\u0161ko situacijo v dr\u017eavi in \u0161ir\u0161i regiji.\u00a0<\/p><p>Na spodnjih povezavah si lahko preberete kak\u0161ni so trenutni ukrepi.\u00a0<\/p>\t\t\t\t\t\t<\/div>\n\t\t\t\t<\/div>\n\t\t\t\t\t<\/div>\n\t\t<\/div>\n\t\t\t\t\t<\/div>\n\t\t<\/section>\n\t\t\t\t<section class=\"elementor-section elementor-top-section elementor-element elementor-element-7a19698 elementor-section-boxed elementor-section-height-default elementor-section-height-default\" data-id=\"7a19698\" data-element_type=\"section\">\n\t\t\t\t\t\t<div class=\"elementor-container elementor-column-gap-default\">\n\t\t\t\t\t<div class=\"elementor-column elementor-col-33 elementor-top-column elementor-element elementor-element-df3ec04\" data-id=\"df3ec04\" data-element_type=\"column\">\n\t\t\t<div class=\"elementor-widget-wrap elementor-element-populated\">\n\t\t\t\t\t\t<div class=\"elementor-element elementor-element-2a7eb1e elementor-button-warning elementor-align-center elementor-widget elementor-widget-button\" data-id=\"2a7eb1e\" data-element_type=\"widget\" data-widget_type=\"button.default\">\n\t\t\t\t<div class=\"elementor-widget-container\">\n\t\t\t\t\t<div class=\"elementor-button-wrapper\">\n\t\t\t<a class=\"elementor-button elementor-button-link elementor-size-sm\" href=\"https:\/\/www.gov.si\/teme\/koronavirus-sars-cov-2\/ukrepi-za-zajezitev-sirjenja-okuzb\/\" target=\"_blank\">\n\t\t\t\t\t\t<span class=\"elementor-button-content-wrapper\">\n\t\t\t\t\t\t\t\t\t<span class=\"elementor-button-text\">Ukrepi za zajezitev \u0161irjenja oku\u017eb TUKAJ >><\/span>\n\t\t\t\t\t<\/span>\n\t\t\t\t\t<\/a>\n\t\t<\/div>\n\t\t\t\t<\/div>\n\t\t\t\t<\/div>\n\t\t\t\t\t<\/div>\n\t\t<\/div>\n\t\t\t\t<div class=\"elementor-column elementor-col-33 elementor-top-column elementor-element elementor-element-d2f0cee\" data-id=\"d2f0cee\" data-element_type=\"column\">\n\t\t\t<div class=\"elementor-widget-wrap elementor-element-populated\">\n\t\t\t\t\t\t<div class=\"elementor-element elementor-element-35edbc2 elementor-button-warning elementor-align-center elementor-widget elementor-widget-button\" data-id=\"35edbc2\" data-element_type=\"widget\" data-widget_type=\"button.default\">\n\t\t\t\t<div class=\"elementor-widget-container\">\n\t\t\t\t\t<div class=\"elementor-button-wrapper\">\n\t\t\t<a class=\"elementor-button elementor-button-link elementor-size-sm\" href=\"https:\/\/www.gov.si\/novice\/2020-10-19-vlada-razglasila-epidemijo-nalezljive-bolezni-covid-19-na-obmocju-republike-slovenije\/\" target=\"_blank\">\n\t\t\t\t\t\t<span class=\"elementor-button-content-wrapper\">\n\t\t\t\t\t\t\t\t\t<span class=\"elementor-button-text\">Vlada razglasila epidemijo nalezljive bolezni COVID-19 na obmo\u010dju Republike Slovenije TUKAJ >><\/span>\n\t\t\t\t\t<\/span>\n\t\t\t\t\t<\/a>\n\t\t<\/div>\n\t\t\t\t<\/div>\n\t\t\t\t<\/div>\n\t\t\t\t\t<\/div>\n\t\t<\/div>\n\t\t\t\t<div class=\"elementor-column elementor-col-33 elementor-top-column elementor-element elementor-element-08f8b80\" data-id=\"08f8b80\" data-element_type=\"column\">\n\t\t\t<div class=\"elementor-widget-wrap elementor-element-populated\">\n\t\t\t\t\t\t<div class=\"elementor-element elementor-element-c77c39b elementor-button-warning elementor-align-center elementor-widget elementor-widget-button\" data-id=\"c77c39b\" data-element_type=\"widget\" data-widget_type=\"button.default\">\n\t\t\t\t<div class=\"elementor-widget-container\">\n\t\t\t\t\t<div class=\"elementor-button-wrapper\">\n\t\t\t<a class=\"elementor-button elementor-button-link elementor-size-sm\" href=\"https:\/\/www.gov.si\/novice\/2020-10-19-prepovedano-zbiranje-vec-kot-sest-ljudi-in-omejitev-gibanja-ljudi-med-21-in-6-uro\/\" target=\"_blank\">\n\t\t\t\t\t\t<span class=\"elementor-button-content-wrapper\">\n\t\t\t\t\t\t\t\t\t<span class=\"elementor-button-text\">Odlok o za\u010dasni delni omejitvi gibanja ljudi TUKAJ  >><\/span>\n\t\t\t\t\t<\/span>\n\t\t\t\t\t<\/a>\n\t\t<\/div>\n\t\t\t\t<\/div>\n\t\t\t\t<\/div>\n\t\t\t\t\t<\/div>\n\t\t<\/div>\n\t\t\t\t\t<\/div>\n\t\t<\/section>\n\t\t\t\t<section class=\"elementor-section elementor-top-section elementor-element elementor-element-ba0272e elementor-section-boxed elementor-section-height-default elementor-section-height-default\" data-id=\"ba0272e\" data-element_type=\"section\">\n\t\t\t\t\t\t<div class=\"elementor-container elementor-column-gap-default\">\n\t\t\t\t\t<div class=\"elementor-column elementor-col-100 elementor-top-column elementor-element elementor-element-09f7a2d\" data-id=\"09f7a2d\" data-element_type=\"column\">\n\t\t\t<div class=\"elementor-widget-wrap elementor-element-populated\">\n\t\t\t\t\t\t<div class=\"elementor-element elementor-element-1439dbf elementor-button-danger elementor-align-center elementor-widget elementor-widget-button\" data-id=\"1439dbf\" data-element_type=\"widget\" data-widget_type=\"button.default\">\n\t\t\t\t<div class=\"elementor-widget-container\">\n\t\t\t\t\t<div class=\"elementor-button-wrapper\">\n\t\t\t<a class=\"elementor-button elementor-button-link elementor-size-sm\" href=\"https:\/\/www.gov.si\/novice\/2020-10-25-novi-odlok-o-zacasni-delni-omejitvi-gibanja-in-zbiranja-prepoveduje-gibanje-med-obcinami\/\" target=\"_blank\">\n\t\t\t\t\t\t<span class=\"elementor-button-content-wrapper\">\n\t\t\t\t\t\t\t\t\t<span class=\"elementor-button-text\">NOVI Odlok o za\u010dasni delni omejitvi gibanja ljudi in omejitvi oziroma prepovedi zbiranja ljudi\u200b (omejitev med ob\u010dinami) TUKAJ >><\/span>\n\t\t\t\t\t<\/span>\n\t\t\t\t\t<\/a>\n\t\t<\/div>\n\t\t\t\t<\/div>\n\t\t\t\t<\/div>\n\t\t\t\t<div class=\"elementor-element elementor-element-5224ee4 elementor-widget elementor-widget-heading\" data-id=\"5224ee4\" data-element_type=\"widget\" data-widget_type=\"heading.default\">\n\t\t\t\t<div class=\"elementor-widget-container\">\n\t\t\t<h2 class=\"elementor-heading-title elementor-size-default\">Protikoronski ukrepi so podalj\u0161ani<\/h2>\t\t<\/div>\n\t\t\t\t<\/div>\n\t\t\t\t<div class=\"elementor-element elementor-element-7369651 elementor-widget elementor-widget-text-editor\" data-id=\"7369651\" data-element_type=\"widget\" data-widget_type=\"text-editor.default\">\n\t\t\t\t<div class=\"elementor-widget-container\">\n\t\t\t\t\t\t\t<p>Vlada Republike Slovenije je na dopisni seji, 30. 10. 2020, sklenila, da se na podlagi presoje Strokovne skupine za zajezitev in obvladovanje epidemije COVID-19 podalj\u0161a veljavnost odlokov o ukrepih in omejitvah za prepre\u010ditev \u0161irjenja nalezljive bolezni COVID-19.<\/p>\t\t\t\t\t\t<\/div>\n\t\t\t\t<\/div>\n\t\t\t\t<div class=\"elementor-element elementor-element-389db65 elementor-button-warning elementor-align-center elementor-widget elementor-widget-button\" data-id=\"389db65\" data-element_type=\"widget\" data-widget_type=\"button.default\">\n\t\t\t\t<div class=\"elementor-widget-container\">\n\t\t\t\t\t<div class=\"elementor-button-wrapper\">\n\t\t\t<a class=\"elementor-button elementor-button-link elementor-size-sm\" href=\"https:\/\/www.gov.si\/novice\/2020-10-30-vlada-sklenila-podaljsati-ukrepe-iz-odlokov-za-zajezitev-in-obvladovanje-epidemije-covid-19\/\">\n\t\t\t\t\t\t<span class=\"elementor-button-content-wrapper\">\n\t\t\t\t\t\t\t\t\t<span class=\"elementor-button-text\">Ve\u010d o podalj\u0161anju ukrepov tukaj >><\/span>\n\t\t\t\t\t<\/span>\n\t\t\t\t\t<\/a>\n\t\t<\/div>\n\t\t\t\t<\/div>\n\t\t\t\t<\/div>\n\t\t\t\t<div class=\"elementor-element elementor-element-9329870 elementor-button-info elementor-align-center elementor-widget elementor-widget-button\" data-id=\"9329870\" data-element_type=\"widget\" data-widget_type=\"button.default\">\n\t\t\t\t<div class=\"elementor-widget-container\">\n\t\t\t\t\t<div class=\"elementor-button-wrapper\">\n\t\t\t<a class=\"elementor-button elementor-button-link elementor-size-sm\" href=\"https:\/\/www.gov.si\/novice\/2020-11-05-v-naslednjem-tednu-sola-na-daljavo-ponovno-pa-je-dovoljeno-izvajanje-nekaterih-storitev\/\" target=\"_blank\">\n\t\t\t\t\t\t<span class=\"elementor-button-content-wrapper\">\n\t\t\t\t\t\t\t\t\t<span class=\"elementor-button-text\">Ponovno dovoljeno izvajanje nekaterih storitev - ve\u010d tukaj &gt;&gt;<\/span>\n\t\t\t\t\t<\/span>\n\t\t\t\t\t<\/a>\n\t\t<\/div>\n\t\t\t\t<\/div>\n\t\t\t\t<\/div>\n\t\t\t\t<div class=\"elementor-element elementor-element-18c8b7e elementor-widget elementor-widget-text-editor\" data-id=\"18c8b7e\" data-element_type=\"widget\" data-widget_type=\"text-editor.default\">\n\t\t\t\t<div class=\"elementor-widget-container\">\n\t\t\t\t\t\t\t<p>Vlada Republike Slovenije je na seji, 7.11.2020, sprejela osnutek zakona o interventnih ukrepih za omilitev posledic drugega vala epidemije COVID-19 oziroma tako imenovani #PKP6.<\/p>\t\t\t\t\t\t<\/div>\n\t\t\t\t<\/div>\n\t\t\t\t<div class=\"elementor-element elementor-element-70f09a4 elementor-button-success elementor-align-center elementor-widget elementor-widget-button\" data-id=\"70f09a4\" data-element_type=\"widget\" data-widget_type=\"button.default\">\n\t\t\t\t<div class=\"elementor-widget-container\">\n\t\t\t\t\t<div class=\"elementor-button-wrapper\">\n\t\t\t<a class=\"elementor-button elementor-button-link elementor-size-md\" href=\"https:\/\/www.gov.si\/novice\/2020-11-07-38-redna-seja-vlade-republike-slovenije\/\" target=\"_blank\">\n\t\t\t\t\t\t<span class=\"elementor-button-content-wrapper\">\n\t\t\t\t\t\t\t\t\t<span class=\"elementor-button-text\">PRIPRAVLJEN OSNUTEK PKP6 - Ve\u010d tukaj &gt;&gt;<\/span>\n\t\t\t\t\t<\/span>\n\t\t\t\t\t<\/a>\n\t\t<\/div>\n\t\t\t\t<\/div>\n\t\t\t\t<\/div>\n\t\t\t\t\t<\/div>\n\t\t<\/div>\n\t\t\t\t\t<\/div>\n\t\t<\/section>\n\t\t\t\t<section class=\"elementor-section elementor-top-section elementor-element elementor-element-ed0ebdb elementor-section-boxed elementor-section-height-default elementor-section-height-default\" data-id=\"ed0ebdb\" data-element_type=\"section\">\n\t\t\t\t\t\t<div class=\"elementor-container elementor-column-gap-default\">\n\t\t\t\t\t<div class=\"elementor-column elementor-col-100 elementor-top-column elementor-element elementor-element-ba1b7e7\" data-id=\"ba1b7e7\" data-element_type=\"column\">\n\t\t\t<div class=\"elementor-widget-wrap elementor-element-populated\">\n\t\t\t\t\t\t<div class=\"elementor-element elementor-element-7ab3045 elementor-widget elementor-widget-heading\" data-id=\"7ab3045\" data-element_type=\"widget\" data-widget_type=\"heading.default\">\n\t\t\t\t<div class=\"elementor-widget-container\">\n\t\t\t<h2 class=\"elementor-heading-title elementor-size-large\">Vlada sprejela Predlog zakona o interventnih ukrepih za omilitev posledic drugega vala epidemije COVID-19 (#PKP6)<\/h2>\t\t<\/div>\n\t\t\t\t<\/div>\n\t\t\t\t\t<\/div>\n\t\t<\/div>\n\t\t\t\t\t<\/div>\n\t\t<\/section>\n\t\t\t\t<section class=\"elementor-section elementor-top-section elementor-element elementor-element-0f61579 elementor-section-boxed elementor-section-height-default elementor-section-height-default\" data-id=\"0f61579\" data-element_type=\"section\">\n\t\t\t\t\t\t<div class=\"elementor-container elementor-column-gap-default\">\n\t\t\t\t\t<div class=\"elementor-column elementor-col-100 elementor-top-column elementor-element elementor-element-bda0a99\" data-id=\"bda0a99\" data-element_type=\"column\">\n\t\t\t<div class=\"elementor-widget-wrap elementor-element-populated\">\n\t\t\t\t\t\t<div class=\"elementor-element elementor-element-32d8af0 elementor-widget elementor-widget-text-editor\" data-id=\"32d8af0\" data-element_type=\"widget\" data-widget_type=\"text-editor.default\">\n\t\t\t\t<div class=\"elementor-widget-container\">\n\t\t\t\t\t\t\t<p><span style=\"color: #000000;\">Vlada Republike Slovenije je na dopisni seji, 10.11.2020, sprejela <strong>Predlog zakona o interventnih ukrepih za omilitev posledic drugega vala epidemije COVID-19 oziroma t.i. #PKP6,<\/strong> ki dolo\u010da za\u010dasne ukrepe za omilitev in odpravo posledic nalezljive bolezni COVID-19.<\/span><\/p><p><span style=\"color: #000000;\">Predlog zakona med drugim prina\u0161a subvencioniranje gospodarskih subjektov za \u010dakanje zaposlenih na delo, podalj\u0161anje moratorija na kredite, subvencioniranje skraj\u0161anega delovnega \u010dasa, oprostitev pla\u010dila DDV od dobav in pridobitev za\u0161\u010ditne in medicinske opreme znotraj Evropske unije, financiranje dodatkov za nevarnost in posebne obremenitve, delno nadomestitev fiksnih stro\u0161kov prizadetim gospodarskim subjektom, odlog pla\u010dila najemnine za najemnike poslovne stavbe ali poslovnega prostora, zagotavljanje zdravstvenih storitev in kapacitet, itd.<\/span><\/p>\t\t\t\t\t\t<\/div>\n\t\t\t\t<\/div>\n\t\t\t\t\t<\/div>\n\t\t<\/div>\n\t\t\t\t\t<\/div>\n\t\t<\/section>\n\t\t\t\t<section class=\"elementor-section elementor-top-section elementor-element elementor-element-9f10721 elementor-section-boxed elementor-section-height-default elementor-section-height-default\" data-id=\"9f10721\" data-element_type=\"section\">\n\t\t\t\t\t\t<div class=\"elementor-container elementor-column-gap-default\">\n\t\t\t\t\t<div class=\"elementor-column elementor-col-100 elementor-top-column elementor-element elementor-element-3d5a676\" data-id=\"3d5a676\" data-element_type=\"column\">\n\t\t\t<div class=\"elementor-widget-wrap elementor-element-populated\">\n\t\t\t\t\t\t<div class=\"elementor-element elementor-element-21001f0 elementor-button-info elementor-align-center elementor-widget elementor-widget-button\" data-id=\"21001f0\" data-element_type=\"widget\" data-widget_type=\"button.default\">\n\t\t\t\t<div class=\"elementor-widget-container\">\n\t\t\t\t\t<div class=\"elementor-button-wrapper\">\n\t\t\t<a class=\"elementor-button elementor-button-link elementor-size-md\" href=\"https:\/\/www.gov.si\/novice\/2020-11-10-vlada-sprejela-predlog-zakona-o-interventnih-ukrepih-za-omilitev-posledic-drugega-vala-epidemije-covid-19-pkp6\/\" target=\"_blank\">\n\t\t\t\t\t\t<span class=\"elementor-button-content-wrapper\">\n\t\t\t\t\t\t\t\t\t<span class=\"elementor-button-text\">Ve\u010d o Predlogu PKP6 tukaj >><\/span>\n\t\t\t\t\t<\/span>\n\t\t\t\t\t<\/a>\n\t\t<\/div>\n\t\t\t\t<\/div>\n\t\t\t\t<\/div>\n\t\t\t\t\t<\/div>\n\t\t<\/div>\n\t\t\t\t\t<\/div>\n\t\t<\/section>\n\t\t\t\t<section class=\"elementor-section elementor-top-section elementor-element elementor-element-ae3da4c elementor-section-boxed elementor-section-height-default elementor-section-height-default\" data-id=\"ae3da4c\" data-element_type=\"section\">\n\t\t\t\t\t\t<div class=\"elementor-container elementor-column-gap-default\">\n\t\t\t\t\t<div class=\"elementor-column elementor-col-100 elementor-top-column elementor-element elementor-element-e3b0b49\" data-id=\"e3b0b49\" data-element_type=\"column\">\n\t\t\t<div class=\"elementor-widget-wrap elementor-element-populated\">\n\t\t\t\t\t\t<div class=\"elementor-element elementor-element-385d705 elementor-widget elementor-widget-text-editor\" data-id=\"385d705\" data-element_type=\"widget\" data-widget_type=\"text-editor.default\">\n\t\t\t\t<div class=\"elementor-widget-container\">\n\t\t\t\t\t\t\t<p style=\"text-align: center;\">Vsebina je pripravljena na podlagi objav na REPUBLIKA SLOVENIJA gov.si.\u00a0<\/p>\t\t\t\t\t\t<\/div>\n\t\t\t\t<\/div>\n\t\t\t\t<div class=\"elementor-element elementor-element-5ba6082 elementor-widget-divider--view-line elementor-widget elementor-widget-divider\" data-id=\"5ba6082\" data-element_type=\"widget\" data-widget_type=\"divider.default\">\n\t\t\t\t<div class=\"elementor-widget-container\">\n\t\t\t\t\t<div class=\"elementor-divider\">\n\t\t\t<span class=\"elementor-divider-separator\">\n\t\t\t\t\t\t<\/span>\n\t\t<\/div>\n\t\t\t\t<\/div>\n\t\t\t\t<\/div>\n\t\t\t\t\t<\/div>\n\t\t<\/div>\n\t\t\t\t\t<\/div>\n\t\t<\/section>\n\t\t\t\t<section class=\"elementor-section elementor-top-section elementor-element elementor-element-6aac4ca elementor-section-boxed elementor-section-height-default elementor-section-height-default\" data-id=\"6aac4ca\" data-element_type=\"section\">\n\t\t\t\t\t\t<div class=\"elementor-container elementor-column-gap-default\">\n\t\t\t\t\t<div class=\"elementor-column elementor-col-100 elementor-top-column elementor-element elementor-element-0c916ce\" data-id=\"0c916ce\" data-element_type=\"column\">\n\t\t\t<div class=\"elementor-widget-wrap elementor-element-populated\">\n\t\t\t\t\t\t<div class=\"elementor-element elementor-element-b33bdba elementor-widget elementor-widget-text-editor\" data-id=\"b33bdba\" data-element_type=\"widget\" data-widget_type=\"text-editor.default\">\n\t\t\t\t<div class=\"elementor-widget-container\">\n\t\t\t\t\t\t\t<p style=\"text-align: center;\">Glede na celotno situacijo je jasno, da se moramo zadr\u017eevati doma. Pomeni, da je mo\u010dno priporo\u010dljivo tudi delo od doma, kjer je to le mogo\u010de.<\/p><p style=\"text-align: center;\">\u010ce potrebujete pri tem pomo\u010d, nas kontaktirajte in z veseljem <strong>vam bomo pomagali, da bomo skupaj na\u0161li primerno re\u0161itev za va\u0161e varno delo na daljavo.\u00a0<\/strong><\/p>\t\t\t\t\t\t<\/div>\n\t\t\t\t<\/div>\n\t\t\t\t\t<\/div>\n\t\t<\/div>\n\t\t\t\t\t<\/div>\n\t\t<\/section>\n\t\t\t\t<section class=\"elementor-section elementor-top-section elementor-element elementor-element-b92f380 elementor-section-boxed elementor-section-height-default elementor-section-height-default\" data-id=\"b92f380\" data-element_type=\"section\">\n\t\t\t\t\t\t<div class=\"elementor-container elementor-column-gap-default\">\n\t\t\t\t\t<div class=\"elementor-column elementor-col-100 elementor-top-column elementor-element elementor-element-8c59b90\" data-id=\"8c59b90\" data-element_type=\"column\">\n\t\t\t<div class=\"elementor-widget-wrap elementor-element-populated\">\n\t\t\t\t\t\t<div class=\"elementor-element elementor-element-cd0a05f elementor-button-success elementor-align-center elementor-widget elementor-widget-button\" data-id=\"cd0a05f\" data-element_type=\"widget\" data-widget_type=\"button.default\">\n\t\t\t\t<div class=\"elementor-widget-container\">\n\t\t\t\t\t<div class=\"elementor-button-wrapper\">\n\t\t\t<a class=\"elementor-button elementor-button-link elementor-size-sm\" href=\"mailto:prodaja@pro-bit.si?subject=\u017delim delati od doma, kako mi lahko pomagate\" target=\"_blank\">\n\t\t\t\t\t\t<span class=\"elementor-button-content-wrapper\">\n\t\t\t\t\t\t\t\t\t<span class=\"elementor-button-text\">Pi\u0161ite nam tukaj >><\/span>\n\t\t\t\t\t<\/span>\n\t\t\t\t\t<\/a>\n\t\t<\/div>\n\t\t\t\t<\/div>\n\t\t\t\t<\/div>\n\t\t\t\t\t<\/div>\n\t\t<\/div>\n\t\t\t\t\t<\/div>\n\t\t<\/section>\n\t\t\t\t<section class=\"elementor-section elementor-top-section elementor-element elementor-element-5ab09fb elementor-section-boxed elementor-section-height-default elementor-section-height-default\" data-id=\"5ab09fb\" data-element_type=\"section\">\n\t\t\t\t\t\t<div class=\"elementor-container elementor-column-gap-default\">\n\t\t\t\t\t<div class=\"elementor-column elementor-col-100 elementor-top-column elementor-element elementor-element-52133e9\" data-id=\"52133e9\" data-element_type=\"column\">\n\t\t\t<div class=\"elementor-widget-wrap elementor-element-populated\">\n\t\t\t\t\t\t<div class=\"elementor-element elementor-element-43b3509 elementor-shape-rounded elementor-grid-0 e-grid-align-center elementor-widget elementor-widget-social-icons\" data-id=\"43b3509\" data-element_type=\"widget\" data-widget_type=\"social-icons.default\">\n\t\t\t\t<div class=\"elementor-widget-container\">\n\t\t\t\t\t<div class=\"elementor-social-icons-wrapper elementor-grid\">\n\t\t\t\t\t\t\t<span class=\"elementor-grid-item\">\n\t\t\t\t\t<a class=\"elementor-icon elementor-social-icon elementor-social-icon-facebook elementor-repeater-item-ddc29ab\" href=\"https:\/\/www.facebook.com\/Probit2020\/\" target=\"_blank\">\n\t\t\t\t\t\t<span class=\"elementor-screen-only\">Facebook<\/span>\n\t\t\t\t\t\t<i class=\"fab fa-facebook\"><\/i>\t\t\t\t\t<\/a>\n\t\t\t\t<\/span>\n\t\t\t\t\t\t\t<span class=\"elementor-grid-item\">\n\t\t\t\t\t<a class=\"elementor-icon elementor-social-icon elementor-social-icon-linkedin elementor-repeater-item-fef40b9\" href=\"https:\/\/www.linkedin.com\/company\/pro-bit-programska-oprema-d-o-o-\/\" target=\"_blank\">\n\t\t\t\t\t\t<span class=\"elementor-screen-only\">Linkedin<\/span>\n\t\t\t\t\t\t<i class=\"fab fa-linkedin\"><\/i>\t\t\t\t\t<\/a>\n\t\t\t\t<\/span>\n\t\t\t\t\t<\/div>\n\t\t\t\t<\/div>\n\t\t\t\t<\/div>\n\t\t\t\t\t<\/div>\n\t\t<\/div>\n\t\t\t\t\t<\/div>\n\t\t<\/section>\n\t\t\t\t<section class=\"elementor-section elementor-top-section elementor-element elementor-element-07e90e9 elementor-section-boxed elementor-section-height-default elementor-section-height-default\" data-id=\"07e90e9\" data-element_type=\"section\">\n\t\t\t\t\t\t<div class=\"elementor-container elementor-column-gap-default\">\n\t\t\t\t\t<div class=\"elementor-column elementor-col-100 elementor-top-column elementor-element elementor-element-254e2e3\" data-id=\"254e2e3\" data-element_type=\"column\">\n\t\t\t<div class=\"elementor-widget-wrap elementor-element-populated\">\n\t\t\t\t\t\t<div class=\"elementor-element elementor-element-15e1686 elementor-widget elementor-widget-facebook-button\" data-id=\"15e1686\" data-element_type=\"widget\" data-widget_type=\"facebook-button.default\">\n\t\t\t\t<div class=\"elementor-widget-container\">\n\t\t\t\t\t<div data-layout=\"standard\" data-colorscheme=\"light\" data-size=\"large\" data-show-faces=\"false\" class=\"elementor-facebook-widget fb-like\" data-href=\"https:\/\/pro-bit.biz\/en\/?p=4935\" data-share=\"true\" data-action=\"like\"><\/div>\n\t\t\t\t<\/div>\n\t\t\t\t<\/div>\n\t\t\t\t\t<\/div>\n\t\t<\/div>\n\t\t\t\t\t<\/div>\n\t\t<\/section>\n\t\t\t\t<\/div>","protected":false},"excerpt":{"rendered":"<p>Dr\u017eavni zbor je 15. 10. 2020 potrdil predlog Zakona o interventnih ukrepih za omilitev in odpravo posledic COVID-19 ali tako imenovani peti protikorona paket (PKP5). Gre za peti sve\u017eenj ukrepov, [&hellip;]<\/p>","protected":false},"author":1,"featured_media":0,"comment_status":"open","ping_status":"open","sticky":false,"template":"","format":"standard","meta":{"inline_featured_image":false,"_price":"","_stock":"","_tribe_ticket_header":"","_tribe_default_ticket_provider":"","_tribe_ticket_capacity":"0","_ticket_start_date":"","_ticket_end_date":"","_tribe_ticket_show_description":"","_tribe_ticket_show_not_going":false,"_tribe_ticket_use_global_stock":"","_tribe_ticket_global_stock_level":"","_global_stock_mode":"","_global_stock_cap":"","_tribe_rsvp_for_event":"","_tribe_ticket_going_count":"","_tribe_ticket_not_going_count":"","_tribe_tickets_list":"[]","_tribe_ticket_has_attendee_info_fields":false,"_EventAllDay":false,"_EventTimezone":"","_EventStartDate":"","_EventEndDate":"","_EventStartDateUTC":"","_EventEndDateUTC":"","_EventShowMap":false,"_EventShowMapLink":false,"_EventURL":"","_EventCost":"","_EventCostDescription":"","_EventCurrencySymbol":"","_EventCurrencyCode":"","_EventCurrencyPosition":"","_EventDateTimeSeparator":"","_EventTimeRangeSeparator":"","_EventOrganizerID":[],"_EventVenueID":[],"_OrganizerEmail":"","_OrganizerPhone":"","_OrganizerWebsite":"","_VenueAddress":"","_VenueCity":"","_VenueCountry":"","_VenueProvince":"","_VenueState":"","_VenueZip":"","_VenuePhone":"","_VenueURL":"","_VenueStateProvince":"","_VenueLat":"","_VenueLng":"","_VenueShowMap":false,"_VenueShowMapLink":false,"ocean_post_layout":"","ocean_both_sidebars_style":"","ocean_both_sidebars_content_width":0,"ocean_both_sidebars_sidebars_width":0,"ocean_sidebar":"","ocean_second_sidebar":"","ocean_disable_margins":"enable","ocean_add_body_class":"","ocean_shortcode_before_top_bar":"","ocean_shortcode_after_top_bar":"","ocean_shortcode_before_header":"","ocean_shortcode_after_header":"","ocean_has_shortcode":"","ocean_shortcode_after_title":"","ocean_shortcode_before_footer_widgets":"","ocean_shortcode_after_footer_widgets":"","ocean_shortcode_before_footer_bottom":"","ocean_shortcode_after_footer_bottom":"","ocean_display_top_bar":"default","ocean_display_header":"default","ocean_header_style":"","ocean_center_header_left_menu":"","ocean_custom_header_template":"","ocean_custom_logo":0,"ocean_custom_retina_logo":0,"ocean_custom_logo_max_width":0,"ocean_custom_logo_tablet_max_width":0,"ocean_custom_logo_mobile_max_width":0,"ocean_custom_logo_max_height":0,"ocean_custom_logo_tablet_max_height":0,"ocean_custom_logo_mobile_max_height":0,"ocean_header_custom_menu":"","ocean_menu_typo_font_family":"","ocean_menu_typo_font_subset":"","ocean_menu_typo_font_size":0,"ocean_menu_typo_font_size_tablet":0,"ocean_menu_typo_font_size_mobile":0,"ocean_menu_typo_font_size_unit":"px","ocean_menu_typo_font_weight":"","ocean_menu_typo_font_weight_tablet":"","ocean_menu_typo_font_weight_mobile":"","ocean_menu_typo_transform":"","ocean_menu_typo_transform_tablet":"","ocean_menu_typo_transform_mobile":"","ocean_menu_typo_line_height":0,"ocean_menu_typo_line_height_tablet":0,"ocean_menu_typo_line_height_mobile":0,"ocean_menu_typo_line_height_unit":"","ocean_menu_typo_spacing":0,"ocean_menu_typo_spacing_tablet":0,"ocean_menu_typo_spacing_mobile":0,"ocean_menu_typo_spacing_unit":"","ocean_menu_link_color":"","ocean_menu_link_color_hover":"","ocean_menu_link_color_active":"","ocean_menu_link_background":"","ocean_menu_link_hover_background":"","ocean_menu_link_active_background":"","ocean_menu_social_links_bg":"","ocean_menu_social_hover_links_bg":"","ocean_menu_social_links_color":"","ocean_menu_social_hover_links_color":"","ocean_disable_title":"default","ocean_disable_heading":"default","ocean_post_title":"","ocean_post_subheading":"","ocean_post_title_style":"","ocean_post_title_background_color":"","ocean_post_title_background":0,"ocean_post_title_bg_image_position":"","ocean_post_title_bg_image_attachment":"","ocean_post_title_bg_image_repeat":"","ocean_post_title_bg_image_size":"","ocean_post_title_height":0,"ocean_post_title_bg_overlay":0.5,"ocean_post_title_bg_overlay_color":"","ocean_disable_breadcrumbs":"default","ocean_breadcrumbs_color":"","ocean_breadcrumbs_separator_color":"","ocean_breadcrumbs_links_color":"","ocean_breadcrumbs_links_hover_color":"","ocean_display_footer_widgets":"default","ocean_display_footer_bottom":"default","ocean_custom_footer_template":"","_tribe_events_control_status":"","_tribe_events_control_status_canceled_reason":"","_tribe_events_control_status_postponed_reason":"","_tribe_events_control_online":"","_tribe_events_control_online_url":"","ocean_post_oembed":"","ocean_post_self_hosted_media":"","ocean_post_video_embed":"","ocean_link_format":"","ocean_link_format_target":"self","ocean_quote_format":"","ocean_quote_format_link":"post","ocean_gallery_link_images":"on","ocean_gallery_id":[],"footnotes":""},"categories":[1],"tags":[],"yoast_head":"<!-- This site is optimized with the Yoast SEO plugin v22.8 - https:\/\/yoast.com\/wordpress\/plugins\/seo\/ -->\n<title>PKP5 in Predlog PKP6 ter ukrepi Vlade RS za zajezitev \u0161irjenja Covid -19 - Pro-Bit Beograd d.o.o. - RE\u0160ENJA, KOJA RASTU SA VAMA<\/title>\n<meta name=\"robots\" content=\"index, follow, max-snippet:-1, max-image-preview:large, max-video-preview:-1\" \/>\n<link rel=\"canonical\" href=\"https:\/\/pro-bit.biz\/en\/sprejet-nov-svezenj-ukrepov-v-boju-proti-covid-19-pkp5\/\" \/>\n<meta property=\"og:locale\" content=\"en_GB\" \/>\n<meta property=\"og:type\" content=\"article\" \/>\n<meta property=\"og:title\" content=\"PKP5 in Predlog PKP6 ter ukrepi Vlade RS za zajezitev \u0161irjenja Covid -19 - Pro-Bit Beograd d.o.o. - RE\u0160ENJA, KOJA RASTU SA VAMA\" \/>\n<meta property=\"og:description\" content=\"Dr\u017eavni zbor je 15. 10. 2020 potrdil predlog Zakona o interventnih ukrepih za omilitev in odpravo posledic COVID-19 ali tako imenovani peti protikorona paket (PKP5). Gre za peti sve\u017eenj ukrepov, [&hellip;]\" \/>\n<meta property=\"og:url\" content=\"https:\/\/pro-bit.biz\/en\/sprejet-nov-svezenj-ukrepov-v-boju-proti-covid-19-pkp5\/\" \/>\n<meta property=\"og:site_name\" content=\"Pro-Bit Beograd d.o.o. - RE\u0160ENJA, KOJA RASTU SA VAMA\" \/>\n<meta property=\"article:publisher\" content=\"https:\/\/www.facebook.com\/Probit2020\/\" \/>\n<meta property=\"article:published_time\" content=\"2020-10-27T09:21:36+00:00\" \/>\n<meta property=\"article:modified_time\" content=\"2020-11-11T07:53:30+00:00\" \/>\n<meta property=\"og:image\" content=\"https:\/\/pro-bit.biz\/\/wp-content\/uploads\/2020\/10\/PKP5-1024x576.png\" \/>\n<meta name=\"author\" content=\"adminProbitBiz\" \/>\n<meta name=\"twitter:card\" content=\"summary_large_image\" \/>\n<meta name=\"twitter:label1\" content=\"Written by\" \/>\n\t<meta name=\"twitter:data1\" content=\"adminProbitBiz\" \/>\n\t<meta name=\"twitter:label2\" content=\"Estimated reading time\" \/>\n\t<meta name=\"twitter:data2\" content=\"3 minutes\" \/>\n<script type=\"application\/ld+json\" class=\"yoast-schema-graph\">{\"@context\":\"https:\/\/schema.org\",\"@graph\":[{\"@type\":\"Article\",\"@id\":\"https:\/\/pro-bit.biz\/en\/sprejet-nov-svezenj-ukrepov-v-boju-proti-covid-19-pkp5\/#article\",\"isPartOf\":{\"@id\":\"https:\/\/pro-bit.biz\/en\/sprejet-nov-svezenj-ukrepov-v-boju-proti-covid-19-pkp5\/\"},\"author\":{\"name\":\"adminProbitBiz\",\"@id\":\"https:\/\/pro-bit.biz\/sr\/#\/schema\/person\/2bee56fc966b6ce8e570a107920d1594\"},\"headline\":\"PKP5 in Predlog PKP6 ter ukrepi Vlade RS za zajezitev \u0161irjenja Covid -19\",\"datePublished\":\"2020-10-27T09:21:36+00:00\",\"dateModified\":\"2020-11-11T07:53:30+00:00\",\"mainEntityOfPage\":{\"@id\":\"https:\/\/pro-bit.biz\/en\/sprejet-nov-svezenj-ukrepov-v-boju-proti-covid-19-pkp5\/\"},\"wordCount\":569,\"commentCount\":0,\"publisher\":{\"@id\":\"https:\/\/pro-bit.biz\/sr\/#organization\"},\"image\":{\"@id\":\"https:\/\/pro-bit.biz\/en\/sprejet-nov-svezenj-ukrepov-v-boju-proti-covid-19-pkp5\/#primaryimage\"},\"thumbnailUrl\":\"https:\/\/pro-bit.biz\/\/wp-content\/uploads\/2020\/10\/PKP5-1024x576.png\",\"articleSection\":[\"Novice in obvestila\"],\"inLanguage\":\"en-GB\",\"potentialAction\":[{\"@type\":\"CommentAction\",\"name\":\"Comment\",\"target\":[\"https:\/\/pro-bit.biz\/en\/sprejet-nov-svezenj-ukrepov-v-boju-proti-covid-19-pkp5\/#respond\"]}]},{\"@type\":\"WebPage\",\"@id\":\"https:\/\/pro-bit.biz\/en\/sprejet-nov-svezenj-ukrepov-v-boju-proti-covid-19-pkp5\/\",\"url\":\"https:\/\/pro-bit.biz\/en\/sprejet-nov-svezenj-ukrepov-v-boju-proti-covid-19-pkp5\/\",\"name\":\"PKP5 in Predlog PKP6 ter ukrepi Vlade RS za zajezitev \u0161irjenja Covid -19 - Pro-Bit Beograd d.o.o. - RE\u0160ENJA, KOJA RASTU SA VAMA\",\"isPartOf\":{\"@id\":\"https:\/\/pro-bit.biz\/sr\/#website\"},\"primaryImageOfPage\":{\"@id\":\"https:\/\/pro-bit.biz\/en\/sprejet-nov-svezenj-ukrepov-v-boju-proti-covid-19-pkp5\/#primaryimage\"},\"image\":{\"@id\":\"https:\/\/pro-bit.biz\/en\/sprejet-nov-svezenj-ukrepov-v-boju-proti-covid-19-pkp5\/#primaryimage\"},\"thumbnailUrl\":\"https:\/\/pro-bit.biz\/\/wp-content\/uploads\/2020\/10\/PKP5-1024x576.png\",\"datePublished\":\"2020-10-27T09:21:36+00:00\",\"dateModified\":\"2020-11-11T07:53:30+00:00\",\"breadcrumb\":{\"@id\":\"https:\/\/pro-bit.biz\/en\/sprejet-nov-svezenj-ukrepov-v-boju-proti-covid-19-pkp5\/#breadcrumb\"},\"inLanguage\":\"en-GB\",\"potentialAction\":[{\"@type\":\"ReadAction\",\"target\":[\"https:\/\/pro-bit.biz\/en\/sprejet-nov-svezenj-ukrepov-v-boju-proti-covid-19-pkp5\/\"]}]},{\"@type\":\"ImageObject\",\"inLanguage\":\"en-GB\",\"@id\":\"https:\/\/pro-bit.biz\/en\/sprejet-nov-svezenj-ukrepov-v-boju-proti-covid-19-pkp5\/#primaryimage\",\"url\":\"https:\/\/pro-bit.biz\/\/wp-content\/uploads\/2020\/10\/PKP5-1024x576.png\",\"contentUrl\":\"https:\/\/pro-bit.biz\/\/wp-content\/uploads\/2020\/10\/PKP5-1024x576.png\"},{\"@type\":\"BreadcrumbList\",\"@id\":\"https:\/\/pro-bit.biz\/en\/sprejet-nov-svezenj-ukrepov-v-boju-proti-covid-19-pkp5\/#breadcrumb\",\"itemListElement\":[{\"@type\":\"ListItem\",\"position\":1,\"name\":\"Home\",\"item\":\"https:\/\/pro-bit.biz\/\"},{\"@type\":\"ListItem\",\"position\":2,\"name\":\"PKP5 in Predlog PKP6 ter ukrepi Vlade RS za zajezitev \u0161irjenja Covid -19\"}]},{\"@type\":\"WebSite\",\"@id\":\"https:\/\/pro-bit.biz\/sr\/#website\",\"url\":\"https:\/\/pro-bit.biz\/sr\/\",\"name\":\"Pro-Bit\",\"description\":\"U preduze\u0107u Pro-bit Beograd d.o.o. bavimo se celovitim re\u0161enjima na polju informatike. Na\u0161a ponuda uklju\u010duje sve potrebno za izgradnju celovitih informacionih sistema.\",\"publisher\":{\"@id\":\"https:\/\/pro-bit.biz\/sr\/#organization\"},\"potentialAction\":[{\"@type\":\"SearchAction\",\"target\":{\"@type\":\"EntryPoint\",\"urlTemplate\":\"https:\/\/pro-bit.biz\/sr\/?s={search_term_string}\"},\"query-input\":\"required name=search_term_string\"}],\"inLanguage\":\"en-GB\"},{\"@type\":\"Organization\",\"@id\":\"https:\/\/pro-bit.biz\/sr\/#organization\",\"name\":\"Pro-Bit\",\"url\":\"https:\/\/pro-bit.biz\/sr\/\",\"logo\":{\"@type\":\"ImageObject\",\"inLanguage\":\"en-GB\",\"@id\":\"https:\/\/pro-bit.biz\/sr\/#\/schema\/logo\/image\/\",\"url\":\"https:\/\/dev.pro-bit.biz\/wp-content\/uploads\/2020\/05\/faviconpb2.png\",\"contentUrl\":\"https:\/\/dev.pro-bit.biz\/wp-content\/uploads\/2020\/05\/faviconpb2.png\",\"width\":512,\"height\":512,\"caption\":\"Pro-Bit\"},\"image\":{\"@id\":\"https:\/\/pro-bit.biz\/sr\/#\/schema\/logo\/image\/\"},\"sameAs\":[\"https:\/\/www.facebook.com\/Probit2020\/\",\"https:\/\/www.linkedin.com\/company\/pro-bit-programska-oprema-d-o-o-\/\"]},{\"@type\":\"Person\",\"@id\":\"https:\/\/pro-bit.biz\/sr\/#\/schema\/person\/2bee56fc966b6ce8e570a107920d1594\",\"name\":\"adminProbitBiz\",\"image\":{\"@type\":\"ImageObject\",\"inLanguage\":\"en-GB\",\"@id\":\"https:\/\/pro-bit.biz\/sr\/#\/schema\/person\/image\/\",\"url\":\"https:\/\/secure.gravatar.com\/avatar\/f3246304def2508d4e66da3a7f9a4abb?s=96&d=mm&r=g\",\"contentUrl\":\"https:\/\/secure.gravatar.com\/avatar\/f3246304def2508d4e66da3a7f9a4abb?s=96&d=mm&r=g\",\"caption\":\"adminProbitBiz\"}}]}<\/script>\n<!-- \/ Yoast SEO plugin. -->","yoast_head_json":{"title":"PKP5 in Predlog PKP6 ter ukrepi Vlade RS za zajezitev \u0161irjenja Covid -19 - Pro-Bit Beograd d.o.o. - RE\u0160ENJA, KOJA RASTU SA VAMA","robots":{"index":"index","follow":"follow","max-snippet":"max-snippet:-1","max-image-preview":"max-image-preview:large","max-video-preview":"max-video-preview:-1"},"canonical":"https:\/\/pro-bit.biz\/en\/sprejet-nov-svezenj-ukrepov-v-boju-proti-covid-19-pkp5\/","og_locale":"en_GB","og_type":"article","og_title":"PKP5 in Predlog PKP6 ter ukrepi Vlade RS za zajezitev \u0161irjenja Covid -19 - Pro-Bit Beograd d.o.o. - RE\u0160ENJA, KOJA RASTU SA VAMA","og_description":"Dr\u017eavni zbor je 15. 10. 2020 potrdil predlog Zakona o interventnih ukrepih za omilitev in odpravo posledic COVID-19 ali tako imenovani peti protikorona paket (PKP5). Gre za peti sve\u017eenj ukrepov, [&hellip;]","og_url":"https:\/\/pro-bit.biz\/en\/sprejet-nov-svezenj-ukrepov-v-boju-proti-covid-19-pkp5\/","og_site_name":"Pro-Bit Beograd d.o.o. - RE\u0160ENJA, KOJA RASTU SA VAMA","article_publisher":"https:\/\/www.facebook.com\/Probit2020\/","article_published_time":"2020-10-27T09:21:36+00:00","article_modified_time":"2020-11-11T07:53:30+00:00","og_image":[{"url":"https:\/\/pro-bit.biz\/\/wp-content\/uploads\/2020\/10\/PKP5-1024x576.png"}],"author":"adminProbitBiz","twitter_card":"summary_large_image","twitter_misc":{"Written by":"adminProbitBiz","Estimated reading time":"3 minutes"},"schema":{"@context":"https:\/\/schema.org","@graph":[{"@type":"Article","@id":"https:\/\/pro-bit.biz\/en\/sprejet-nov-svezenj-ukrepov-v-boju-proti-covid-19-pkp5\/#article","isPartOf":{"@id":"https:\/\/pro-bit.biz\/en\/sprejet-nov-svezenj-ukrepov-v-boju-proti-covid-19-pkp5\/"},"author":{"name":"adminProbitBiz","@id":"https:\/\/pro-bit.biz\/sr\/#\/schema\/person\/2bee56fc966b6ce8e570a107920d1594"},"headline":"PKP5 in Predlog PKP6 ter ukrepi Vlade RS za zajezitev \u0161irjenja Covid -19","datePublished":"2020-10-27T09:21:36+00:00","dateModified":"2020-11-11T07:53:30+00:00","mainEntityOfPage":{"@id":"https:\/\/pro-bit.biz\/en\/sprejet-nov-svezenj-ukrepov-v-boju-proti-covid-19-pkp5\/"},"wordCount":569,"commentCount":0,"publisher":{"@id":"https:\/\/pro-bit.biz\/sr\/#organization"},"image":{"@id":"https:\/\/pro-bit.biz\/en\/sprejet-nov-svezenj-ukrepov-v-boju-proti-covid-19-pkp5\/#primaryimage"},"thumbnailUrl":"https:\/\/pro-bit.biz\/\/wp-content\/uploads\/2020\/10\/PKP5-1024x576.png","articleSection":["Novice in obvestila"],"inLanguage":"en-GB","potentialAction":[{"@type":"CommentAction","name":"Comment","target":["https:\/\/pro-bit.biz\/en\/sprejet-nov-svezenj-ukrepov-v-boju-proti-covid-19-pkp5\/#respond"]}]},{"@type":"WebPage","@id":"https:\/\/pro-bit.biz\/en\/sprejet-nov-svezenj-ukrepov-v-boju-proti-covid-19-pkp5\/","url":"https:\/\/pro-bit.biz\/en\/sprejet-nov-svezenj-ukrepov-v-boju-proti-covid-19-pkp5\/","name":"PKP5 in Predlog PKP6 ter ukrepi Vlade RS za zajezitev \u0161irjenja Covid -19 - Pro-Bit Beograd d.o.o. - RE\u0160ENJA, KOJA RASTU SA VAMA","isPartOf":{"@id":"https:\/\/pro-bit.biz\/sr\/#website"},"primaryImageOfPage":{"@id":"https:\/\/pro-bit.biz\/en\/sprejet-nov-svezenj-ukrepov-v-boju-proti-covid-19-pkp5\/#primaryimage"},"image":{"@id":"https:\/\/pro-bit.biz\/en\/sprejet-nov-svezenj-ukrepov-v-boju-proti-covid-19-pkp5\/#primaryimage"},"thumbnailUrl":"https:\/\/pro-bit.biz\/\/wp-content\/uploads\/2020\/10\/PKP5-1024x576.png","datePublished":"2020-10-27T09:21:36+00:00","dateModified":"2020-11-11T07:53:30+00:00","breadcrumb":{"@id":"https:\/\/pro-bit.biz\/en\/sprejet-nov-svezenj-ukrepov-v-boju-proti-covid-19-pkp5\/#breadcrumb"},"inLanguage":"en-GB","potentialAction":[{"@type":"ReadAction","target":["https:\/\/pro-bit.biz\/en\/sprejet-nov-svezenj-ukrepov-v-boju-proti-covid-19-pkp5\/"]}]},{"@type":"ImageObject","inLanguage":"en-GB","@id":"https:\/\/pro-bit.biz\/en\/sprejet-nov-svezenj-ukrepov-v-boju-proti-covid-19-pkp5\/#primaryimage","url":"https:\/\/pro-bit.biz\/\/wp-content\/uploads\/2020\/10\/PKP5-1024x576.png","contentUrl":"https:\/\/pro-bit.biz\/\/wp-content\/uploads\/2020\/10\/PKP5-1024x576.png"},{"@type":"BreadcrumbList","@id":"https:\/\/pro-bit.biz\/en\/sprejet-nov-svezenj-ukrepov-v-boju-proti-covid-19-pkp5\/#breadcrumb","itemListElement":[{"@type":"ListItem","position":1,"name":"Home","item":"https:\/\/pro-bit.biz\/"},{"@type":"ListItem","position":2,"name":"PKP5 in Predlog PKP6 ter ukrepi Vlade RS za zajezitev \u0161irjenja Covid -19"}]},{"@type":"WebSite","@id":"https:\/\/pro-bit.biz\/sr\/#website","url":"https:\/\/pro-bit.biz\/sr\/","name":"Pro-Bit","description":"U preduze\u0107u Pro-bit Beograd d.o.o. bavimo se celovitim re\u0161enjima na polju informatike. Na\u0161a ponuda uklju\u010duje sve potrebno za izgradnju celovitih informacionih sistema.","publisher":{"@id":"https:\/\/pro-bit.biz\/sr\/#organization"},"potentialAction":[{"@type":"SearchAction","target":{"@type":"EntryPoint","urlTemplate":"https:\/\/pro-bit.biz\/sr\/?s={search_term_string}"},"query-input":"required name=search_term_string"}],"inLanguage":"en-GB"},{"@type":"Organization","@id":"https:\/\/pro-bit.biz\/sr\/#organization","name":"Pro-Bit","url":"https:\/\/pro-bit.biz\/sr\/","logo":{"@type":"ImageObject","inLanguage":"en-GB","@id":"https:\/\/pro-bit.biz\/sr\/#\/schema\/logo\/image\/","url":"https:\/\/dev.pro-bit.biz\/wp-content\/uploads\/2020\/05\/faviconpb2.png","contentUrl":"https:\/\/dev.pro-bit.biz\/wp-content\/uploads\/2020\/05\/faviconpb2.png","width":512,"height":512,"caption":"Pro-Bit"},"image":{"@id":"https:\/\/pro-bit.biz\/sr\/#\/schema\/logo\/image\/"},"sameAs":["https:\/\/www.facebook.com\/Probit2020\/","https:\/\/www.linkedin.com\/company\/pro-bit-programska-oprema-d-o-o-\/"]},{"@type":"Person","@id":"https:\/\/pro-bit.biz\/sr\/#\/schema\/person\/2bee56fc966b6ce8e570a107920d1594","name":"adminProbitBiz","image":{"@type":"ImageObject","inLanguage":"en-GB","@id":"https:\/\/pro-bit.biz\/sr\/#\/schema\/person\/image\/","url":"https:\/\/secure.gravatar.com\/avatar\/f3246304def2508d4e66da3a7f9a4abb?s=96&d=mm&r=g","contentUrl":"https:\/\/secure.gravatar.com\/avatar\/f3246304def2508d4e66da3a7f9a4abb?s=96&d=mm&r=g","caption":"adminProbitBiz"}}]}},"ticketed":false,"_links":{"self":[{"href":"https:\/\/pro-bit.biz\/en\/wp-json\/wp\/v2\/posts\/4935"}],"collection":[{"href":"https:\/\/pro-bit.biz\/en\/wp-json\/wp\/v2\/posts"}],"about":[{"href":"https:\/\/pro-bit.biz\/en\/wp-json\/wp\/v2\/types\/post"}],"author":[{"embeddable":true,"href":"https:\/\/pro-bit.biz\/en\/wp-json\/wp\/v2\/users\/1"}],"replies":[{"embeddable":true,"href":"https:\/\/pro-bit.biz\/en\/wp-json\/wp\/v2\/comments?post=4935"}],"version-history":[{"count":14,"href":"https:\/\/pro-bit.biz\/en\/wp-json\/wp\/v2\/posts\/4935\/revisions"}],"predecessor-version":[{"id":4980,"href":"https:\/\/pro-bit.biz\/en\/wp-json\/wp\/v2\/posts\/4935\/revisions\/4980"}],"wp:attachment":[{"href":"https:\/\/pro-bit.biz\/en\/wp-json\/wp\/v2\/media?parent=4935"}],"wp:term":[{"taxonomy":"category","embeddable":true,"href":"https:\/\/pro-bit.biz\/en\/wp-json\/wp\/v2\/categories?post=4935"},{"taxonomy":"post_tag","embeddable":true,"href":"https:\/\/pro-bit.biz\/en\/wp-json\/wp\/v2\/tags?post=4935"}],"curies":[{"name":"wp","href":"https:\/\/api.w.org\/{rel}","templated":true}]}}