{"id":5069,"date":"2020-12-07T09:32:28","date_gmt":"2020-12-07T07:32:28","guid":{"rendered":"https:\/\/pro-bit.si\/?p=5069"},"modified":"2020-12-07T09:38:12","modified_gmt":"2020-12-07T07:38:12","slug":"nacrt-sproscanja-ukrepov-za-zajezitev-epidemije-covid-19","status":"publish","type":"post","link":"https:\/\/pro-bit.biz\/en\/nacrt-sproscanja-ukrepov-za-zajezitev-epidemije-covid-19\/","title":{"rendered":"Na\u010drt spro\u0161\u010danja ukrepov za zajezitev epidemije covid-19"},"content":{"rendered":"<div data-elementor-type=\"wp-post\" data-elementor-id=\"5069\" class=\"elementor elementor-5069\">\n\t\t\t\t\t\t<section class=\"elementor-section elementor-top-section elementor-element elementor-element-73f80c4 elementor-section-boxed elementor-section-height-default elementor-section-height-default\" data-id=\"73f80c4\" data-element_type=\"section\">\n\t\t\t\t\t\t<div class=\"elementor-container elementor-column-gap-default\">\n\t\t\t\t\t<div class=\"elementor-column elementor-col-100 elementor-top-column elementor-element elementor-element-7d72889\" data-id=\"7d72889\" data-element_type=\"column\">\n\t\t\t<div class=\"elementor-widget-wrap elementor-element-populated\">\n\t\t\t\t\t\t<div class=\"elementor-element elementor-element-3f8fe06 elementor-widget elementor-widget-text-editor\" data-id=\"3f8fe06\" data-element_type=\"widget\" data-widget_type=\"text-editor.default\">\n\t\t\t\t<div class=\"elementor-widget-container\">\n\t\t\t\t\t\t\t<p><span style=\"color: #000000;\">Vlada je skupaj s strokovno skupino pripravila na\u010drt spro\u0161\u010danja ukrepov za zajezitev epidemije covid-19. <\/span><\/p><p><span style=\"color: #000000;\">Razdelila ga je v pet skupin:\u00a0<strong>\u010drno, rde\u010do, oran\u017eno, rumeno in zeleno<\/strong>. <\/span><\/p><p><span style=\"color: #000000;\">Glavna kriterija skupin sta sedemdnevno povpre\u010dje \u0161tevila oku\u017eenih in \u0161tevilo hospitaliziranih bolnikov s covid-19. Ukrepi se bodo za\u010deli spro\u0161\u010dati, ko bo izpolnjen eden od pogojev, sedemdnevno povpre\u010dje pa bomo spremljali vsak dan.<\/span><\/p>\t\t\t\t\t\t<\/div>\n\t\t\t\t<\/div>\n\t\t\t\t\t<\/div>\n\t\t<\/div>\n\t\t\t\t\t<\/div>\n\t\t<\/section>\n\t\t\t\t<section class=\"elementor-section elementor-top-section elementor-element elementor-element-4103841 elementor-section-boxed elementor-section-height-default elementor-section-height-default\" data-id=\"4103841\" data-element_type=\"section\">\n\t\t\t\t\t\t<div class=\"elementor-container elementor-column-gap-default\">\n\t\t\t\t\t<div class=\"elementor-column elementor-col-100 elementor-top-column elementor-element elementor-element-cbc9ef6\" data-id=\"cbc9ef6\" data-element_type=\"column\">\n\t\t\t<div class=\"elementor-widget-wrap elementor-element-populated\">\n\t\t\t\t\t\t<div class=\"elementor-element elementor-element-7a6473e elementor-widget elementor-widget-image\" data-id=\"7a6473e\" data-element_type=\"widget\" data-widget_type=\"image.default\">\n\t\t\t\t<div class=\"elementor-widget-container\">\n\t\t\t\t\t\t\t\t\t\t\t\t\t<img fetchpriority=\"high\" decoding=\"async\" width=\"980\" height=\"496\" src=\"https:\/\/pro-bit.biz\/wp-content\/uploads\/2020\/12\/03122020-ukrepi__FitWzk4MCw5ODAsIjMyZjM1MDE0ODEiXQ.jpg\" class=\"attachment-large size-large wp-image-5070\" alt=\"\" srcset=\"https:\/\/pro-bit.biz\/wp-content\/uploads\/2020\/12\/03122020-ukrepi__FitWzk4MCw5ODAsIjMyZjM1MDE0ODEiXQ.jpg 980w, https:\/\/pro-bit.biz\/wp-content\/uploads\/2020\/12\/03122020-ukrepi__FitWzk4MCw5ODAsIjMyZjM1MDE0ODEiXQ-300x152.jpg 300w, https:\/\/pro-bit.biz\/wp-content\/uploads\/2020\/12\/03122020-ukrepi__FitWzk4MCw5ODAsIjMyZjM1MDE0ODEiXQ-768x389.jpg 768w\" sizes=\"(max-width: 980px) 100vw, 980px\" \/>\t\t\t\t\t\t\t\t\t\t\t\t\t<\/div>\n\t\t\t\t<\/div>\n\t\t\t\t\t<\/div>\n\t\t<\/div>\n\t\t\t\t\t<\/div>\n\t\t<\/section>\n\t\t\t\t<section class=\"elementor-section elementor-top-section elementor-element elementor-element-cde47ef elementor-section-boxed elementor-section-height-default elementor-section-height-default\" data-id=\"cde47ef\" data-element_type=\"section\">\n\t\t\t\t\t\t<div class=\"elementor-container elementor-column-gap-default\">\n\t\t\t\t\t<div class=\"elementor-column elementor-col-100 elementor-top-column elementor-element elementor-element-c71ac4e\" data-id=\"c71ac4e\" data-element_type=\"column\">\n\t\t\t<div class=\"elementor-widget-wrap elementor-element-populated\">\n\t\t\t\t\t\t<div class=\"elementor-element elementor-element-5553dab elementor-widget elementor-widget-text-editor\" data-id=\"5553dab\" data-element_type=\"widget\" data-widget_type=\"text-editor.default\">\n\t\t\t\t<div class=\"elementor-widget-container\">\n\t\t\t\t\t\t\t<p><span style=\"color: #000000;\">Ve\u010d o na\u010drtu spro\u0161\u010danja ukrepov si lahko preberte s klikom na spodnji gumb. \u2b07\ufe0f<\/span><\/p>\t\t\t\t\t\t<\/div>\n\t\t\t\t<\/div>\n\t\t\t\t\t<\/div>\n\t\t<\/div>\n\t\t\t\t\t<\/div>\n\t\t<\/section>\n\t\t\t\t<section class=\"elementor-section elementor-top-section elementor-element elementor-element-3ac500b elementor-section-boxed elementor-section-height-default elementor-section-height-default\" data-id=\"3ac500b\" data-element_type=\"section\">\n\t\t\t\t\t\t<div class=\"elementor-container elementor-column-gap-default\">\n\t\t\t\t\t<div class=\"elementor-column elementor-col-100 elementor-top-column elementor-element elementor-element-b090f20\" data-id=\"b090f20\" data-element_type=\"column\">\n\t\t\t<div class=\"elementor-widget-wrap elementor-element-populated\">\n\t\t\t\t\t\t<div class=\"elementor-element elementor-element-4f790d8 elementor-button-info elementor-align-center elementor-widget elementor-widget-button\" data-id=\"4f790d8\" data-element_type=\"widget\" data-widget_type=\"button.default\">\n\t\t\t\t<div class=\"elementor-widget-container\">\n\t\t\t\t\t<div class=\"elementor-button-wrapper\">\n\t\t\t<a class=\"elementor-button elementor-button-link elementor-size-md\" href=\"https:\/\/www.gov.si\/novice\/2020-12-03-vlada-sprejela-nacrt-sproscanja-ukrepov-za-zajezitev-sirjenja-okuzb-s-virusom-sars-cov-2\/\" target=\"_blank\">\n\t\t\t\t\t\t<span class=\"elementor-button-content-wrapper\">\n\t\t\t\t\t\t\t\t\t<span class=\"elementor-button-text\">Na\u010drt o spro\u0161\u010danju ukrepov TUKAJ >><\/span>\n\t\t\t\t\t<\/span>\n\t\t\t\t\t<\/a>\n\t\t<\/div>\n\t\t\t\t<\/div>\n\t\t\t\t<\/div>\n\t\t\t\t\t<\/div>\n\t\t<\/div>\n\t\t\t\t\t<\/div>\n\t\t<\/section>\n\t\t\t\t<section class=\"elementor-section elementor-top-section elementor-element elementor-element-fd35e5d elementor-section-boxed elementor-section-height-default elementor-section-height-default\" data-id=\"fd35e5d\" data-element_type=\"section\">\n\t\t\t\t\t\t<div class=\"elementor-container elementor-column-gap-default\">\n\t\t\t\t\t<div class=\"elementor-column elementor-col-100 elementor-top-column elementor-element elementor-element-5c7f0b2\" data-id=\"5c7f0b2\" data-element_type=\"column\">\n\t\t\t<div class=\"elementor-widget-wrap elementor-element-populated\">\n\t\t\t\t\t\t<div class=\"elementor-element elementor-element-d64f4ee elementor-widget elementor-widget-text-editor\" data-id=\"d64f4ee\" data-element_type=\"widget\" data-widget_type=\"text-editor.default\">\n\t\t\t\t<div class=\"elementor-widget-container\">\n\t\t\t\t\t\t\t<p><span style=\"color: #000000;\">Podatke o \u0161irjenju oku\u017eb s COVID-19 zbirata Ministrstvo za zdravje in Nacionalni in\u0161titut za javno zdravje. Aktualne podatke, ki so zajeti do polno\u010di preteklega dne, na spletu in dru\u017ebenih omre\u017ejih objavljajo vsak dan do 12. ure.<\/span><\/p><p><span style=\"color: #000000;\">To lahko spremljate spodaj:<\/span><\/p>\t\t\t\t\t\t<\/div>\n\t\t\t\t<\/div>\n\t\t\t\t\t<\/div>\n\t\t<\/div>\n\t\t\t\t\t<\/div>\n\t\t<\/section>\n\t\t\t\t<section class=\"elementor-section elementor-top-section elementor-element elementor-element-f90eea9 elementor-section-boxed elementor-section-height-default elementor-section-height-default\" data-id=\"f90eea9\" data-element_type=\"section\">\n\t\t\t\t\t\t<div class=\"elementor-container elementor-column-gap-default\">\n\t\t\t\t\t<div class=\"elementor-column elementor-col-100 elementor-top-column elementor-element elementor-element-9a3c718\" data-id=\"9a3c718\" data-element_type=\"column\">\n\t\t\t<div class=\"elementor-widget-wrap elementor-element-populated\">\n\t\t\t\t\t\t<div class=\"elementor-element elementor-element-eccd211 elementor-button-danger elementor-align-center elementor-widget elementor-widget-button\" data-id=\"eccd211\" data-element_type=\"widget\" data-widget_type=\"button.default\">\n\t\t\t\t<div class=\"elementor-widget-container\">\n\t\t\t\t\t<div class=\"elementor-button-wrapper\">\n\t\t\t<a class=\"elementor-button elementor-button-link elementor-size-md\" href=\"https:\/\/www.gov.si\/teme\/koronavirus-sars-cov-2\/aktualni-podatki\/\" target=\"_blank\">\n\t\t\t\t\t\t<span class=\"elementor-button-content-wrapper\">\n\t\t\t\t\t\t\t\t\t<span class=\"elementor-button-text\">Aktualni podatki o epidemiji COVID-19 v Sloveniji TUKAJ >><\/span>\n\t\t\t\t\t<\/span>\n\t\t\t\t\t<\/a>\n\t\t<\/div>\n\t\t\t\t<\/div>\n\t\t\t\t<\/div>\n\t\t\t\t\t<\/div>\n\t\t<\/div>\n\t\t\t\t\t<\/div>\n\t\t<\/section>\n\t\t\t\t<section class=\"elementor-section elementor-top-section elementor-element elementor-element-6899eb2 elementor-section-boxed elementor-section-height-default elementor-section-height-default\" data-id=\"6899eb2\" data-element_type=\"section\">\n\t\t\t\t\t\t<div class=\"elementor-container elementor-column-gap-default\">\n\t\t\t\t\t<div class=\"elementor-column elementor-col-100 elementor-top-column elementor-element elementor-element-5119cae\" data-id=\"5119cae\" data-element_type=\"column\">\n\t\t\t<div class=\"elementor-widget-wrap elementor-element-populated\">\n\t\t\t\t\t\t<div class=\"elementor-element elementor-element-8589d57 elementor-widget elementor-widget-heading\" data-id=\"8589d57\" data-element_type=\"widget\" data-widget_type=\"heading.default\">\n\t\t\t\t<div class=\"elementor-widget-container\">\n\t\t\t<h2 class=\"elementor-heading-title elementor-size-default\">Vlada je vnovi\u010dno izdala ve\u010d odlokov za zajezitev in obvladovanje epidemije COVID-19<\/h2>\t\t<\/div>\n\t\t\t\t<\/div>\n\t\t\t\t\t<\/div>\n\t\t<\/div>\n\t\t\t\t\t<\/div>\n\t\t<\/section>\n\t\t\t\t<section class=\"elementor-section elementor-top-section elementor-element elementor-element-0c4e27b elementor-section-boxed elementor-section-height-default elementor-section-height-default\" data-id=\"0c4e27b\" data-element_type=\"section\">\n\t\t\t\t\t\t<div class=\"elementor-container elementor-column-gap-default\">\n\t\t\t\t\t<div class=\"elementor-column elementor-col-100 elementor-top-column elementor-element elementor-element-dbbc82a\" data-id=\"dbbc82a\" data-element_type=\"column\">\n\t\t\t<div class=\"elementor-widget-wrap elementor-element-populated\">\n\t\t\t\t\t\t<div class=\"elementor-element elementor-element-a8c6cef elementor-widget elementor-widget-text-editor\" data-id=\"a8c6cef\" data-element_type=\"widget\" data-widget_type=\"text-editor.default\">\n\t\t\t\t<div class=\"elementor-widget-container\">\n\t\t\t\t\t\t\t<p><span style=\"color: #000000;\">Vlada je 5. decembra ponovno izdala in v Uradnem listu Republike Slovenije objavila nekaj odlokov za zajezitev in obvladovanje epidemije covid-19. Vnovi\u010dna izdaja posameznih odlokov sledi delni odlo\u010dbi in sklepu Ustavnega sodi\u0161\u010da Republike Slovenije. Ve\u010d si preberite s klikom na spodnji gumb:<\/span><\/p>\t\t\t\t\t\t<\/div>\n\t\t\t\t<\/div>\n\t\t\t\t<div class=\"elementor-element elementor-element-7e588f6 elementor-button-warning elementor-align-center elementor-widget elementor-widget-button\" data-id=\"7e588f6\" data-element_type=\"widget\" data-widget_type=\"button.default\">\n\t\t\t\t<div class=\"elementor-widget-container\">\n\t\t\t\t\t<div class=\"elementor-button-wrapper\">\n\t\t\t<a class=\"elementor-button elementor-button-link elementor-size-md\" href=\"https:\/\/www.gov.si\/teme\/koronavirus-sars-cov-2\/ukrepi-za-zajezitev-sirjenja-okuzb\/\" target=\"_blank\">\n\t\t\t\t\t\t<span class=\"elementor-button-content-wrapper\">\n\t\t\t\t\t\t\t\t\t<span class=\"elementor-button-text\">Ukrepi za zajzitev in obvladovanje epidemije COVID-19  TUKAJ >><\/span>\n\t\t\t\t\t<\/span>\n\t\t\t\t\t<\/a>\n\t\t<\/div>\n\t\t\t\t<\/div>\n\t\t\t\t<\/div>\n\t\t\t\t\t<\/div>\n\t\t<\/div>\n\t\t\t\t\t<\/div>\n\t\t<\/section>\n\t\t\t\t<section class=\"elementor-section elementor-top-section elementor-element elementor-element-efc5767 elementor-section-boxed elementor-section-height-default elementor-section-height-default\" data-id=\"efc5767\" data-element_type=\"section\">\n\t\t\t\t\t\t<div class=\"elementor-container elementor-column-gap-default\">\n\t\t\t\t\t<div class=\"elementor-column elementor-col-100 elementor-top-column elementor-element elementor-element-2084d9a\" data-id=\"2084d9a\" data-element_type=\"column\">\n\t\t\t<div class=\"elementor-widget-wrap elementor-element-populated\">\n\t\t\t\t\t\t<div class=\"elementor-element elementor-element-34ecffe elementor-widget elementor-widget-heading\" data-id=\"34ecffe\" data-element_type=\"widget\" data-widget_type=\"heading.default\">\n\t\t\t\t<div class=\"elementor-widget-container\">\n\t\t\t<h2 class=\"elementor-heading-title elementor-size-default\">Podalj\u0161anje veljavnosti turisti\u010dnih bonov<\/h2>\t\t<\/div>\n\t\t\t\t<\/div>\n\t\t\t\t\t<\/div>\n\t\t<\/div>\n\t\t\t\t\t<\/div>\n\t\t<\/section>\n\t\t\t\t<section class=\"elementor-section elementor-top-section elementor-element elementor-element-adf3e99 elementor-section-boxed elementor-section-height-default elementor-section-height-default\" data-id=\"adf3e99\" data-element_type=\"section\">\n\t\t\t\t\t\t<div class=\"elementor-container elementor-column-gap-default\">\n\t\t\t\t\t<div class=\"elementor-column elementor-col-100 elementor-top-column elementor-element elementor-element-ba9a3c4\" data-id=\"ba9a3c4\" data-element_type=\"column\">\n\t\t\t<div class=\"elementor-widget-wrap elementor-element-populated\">\n\t\t\t\t\t\t<div class=\"elementor-element elementor-element-edbe5df elementor-widget elementor-widget-text-editor\" data-id=\"edbe5df\" data-element_type=\"widget\" data-widget_type=\"text-editor.default\">\n\t\t\t\t<div class=\"elementor-widget-container\">\n\t\t\t\t\t\t\t<p><span style=\"color: #000000;\">3. decembra je Vlada\u00a0sprejela tudi\u00a0<a style=\"color: #000000;\" href=\"https:\/\/www.uradni-list.si\/glasilo-uradni-list-rs\/vsebina\/2020-01-3130\/sklep-o-podaljsanju-veljavnosti-ukrepa-za-izboljsanje-gospodarskega-polozaja-na-podrocju-potrosnje-turizma\"><strong>podalj\u0161anje veljavnosti turisti\u010dnih bonov do 31. decembra 2021<\/strong><\/a>\u00a0za upravi\u010dence, ki bonov \u0161e niso koristili.<\/span><\/p>\t\t\t\t\t\t<\/div>\n\t\t\t\t<\/div>\n\t\t\t\t<div class=\"elementor-element elementor-element-3b0bbdc elementor-align-center elementor-widget elementor-widget-button\" data-id=\"3b0bbdc\" data-element_type=\"widget\" data-widget_type=\"button.default\">\n\t\t\t\t<div class=\"elementor-widget-container\">\n\t\t\t\t\t<div class=\"elementor-button-wrapper\">\n\t\t\t<a class=\"elementor-button elementor-button-link elementor-size-sm\" href=\"https:\/\/www.uradni-list.si\/glasilo-uradni-list-rs\/vsebina\/2020-01-3130\/sklep-o-podaljsanju-veljavnosti-ukrepa-za-izboljsanje-gospodarskega-polozaja-na-podrocju-potrosnje-turizma\" target=\"_blank\">\n\t\t\t\t\t\t<span class=\"elementor-button-content-wrapper\">\n\t\t\t\t\t\t\t\t\t<span class=\"elementor-button-text\">Ve\u010d o podalj\u0161anju turisti\u010dnih bonov TUKAJ >><\/span>\n\t\t\t\t\t<\/span>\n\t\t\t\t\t<\/a>\n\t\t<\/div>\n\t\t\t\t<\/div>\n\t\t\t\t<\/div>\n\t\t\t\t\t<\/div>\n\t\t<\/div>\n\t\t\t\t\t<\/div>\n\t\t<\/section>\n\t\t\t\t<section class=\"elementor-section elementor-top-section elementor-element elementor-element-f537f18 elementor-section-boxed elementor-section-height-default elementor-section-height-default\" data-id=\"f537f18\" data-element_type=\"section\">\n\t\t\t\t\t\t<div class=\"elementor-container elementor-column-gap-default\">\n\t\t\t\t\t<div class=\"elementor-column elementor-col-100 elementor-top-column elementor-element elementor-element-2a0b808\" data-id=\"2a0b808\" data-element_type=\"column\">\n\t\t\t<div class=\"elementor-widget-wrap elementor-element-populated\">\n\t\t\t\t\t\t<div class=\"elementor-element elementor-element-0de55e3 elementor-widget elementor-widget-heading\" data-id=\"0de55e3\" data-element_type=\"widget\" data-widget_type=\"heading.default\">\n\t\t\t\t<div class=\"elementor-widget-container\">\n\t\t\t<h2 class=\"elementor-heading-title elementor-size-default\">Na kratko o cepljenju proti covid-19<\/h2>\t\t<\/div>\n\t\t\t\t<\/div>\n\t\t\t\t\t<\/div>\n\t\t<\/div>\n\t\t\t\t\t<\/div>\n\t\t<\/section>\n\t\t\t\t<section class=\"elementor-section elementor-top-section elementor-element elementor-element-7119fa8 elementor-section-boxed elementor-section-height-default elementor-section-height-default\" data-id=\"7119fa8\" data-element_type=\"section\">\n\t\t\t\t\t\t<div class=\"elementor-container elementor-column-gap-default\">\n\t\t\t\t\t<div class=\"elementor-column elementor-col-100 elementor-top-column elementor-element elementor-element-c5caf97\" data-id=\"c5caf97\" data-element_type=\"column\">\n\t\t\t<div class=\"elementor-widget-wrap elementor-element-populated\">\n\t\t\t\t\t\t<div class=\"elementor-element elementor-element-8cc8ce7 elementor-widget elementor-widget-text-editor\" data-id=\"8cc8ce7\" data-element_type=\"widget\" data-widget_type=\"text-editor.default\">\n\t\t\t\t<div class=\"elementor-widget-container\">\n\t\t\t\t\t\t\t<p><span style=\"color: #000000;\">Pribli\u017eujemo se dnevu, ko bodo v Slovenijo prispeli prvi odmerki cepiva proti covid-19 in se bo pri\u010delo s cepljenjem. Vlada je pripravila nekaj osnovnih informacij, ki na kratko pojasnjujejo potek cepljenja proti covid-19 v Sloveniji.\u00a0<\/span><\/p><p><span style=\"color: #000000;\">Cepljenje bo brezpla\u010dno in neobvezno.<\/span><\/p>\t\t\t\t\t\t<\/div>\n\t\t\t\t<\/div>\n\t\t\t\t\t<\/div>\n\t\t<\/div>\n\t\t\t\t\t<\/div>\n\t\t<\/section>\n\t\t\t\t<section class=\"elementor-section elementor-top-section elementor-element elementor-element-64ca572 elementor-section-boxed elementor-section-height-default elementor-section-height-default\" data-id=\"64ca572\" data-element_type=\"section\">\n\t\t\t\t\t\t<div class=\"elementor-container elementor-column-gap-default\">\n\t\t\t\t\t<div class=\"elementor-column elementor-col-100 elementor-top-column elementor-element elementor-element-e1f47c7\" data-id=\"e1f47c7\" data-element_type=\"column\">\n\t\t\t<div class=\"elementor-widget-wrap elementor-element-populated\">\n\t\t\t\t\t\t<div class=\"elementor-element elementor-element-b1a2e66 elementor-widget elementor-widget-image\" data-id=\"b1a2e66\" data-element_type=\"widget\" data-widget_type=\"image.default\">\n\t\t\t\t<div class=\"elementor-widget-container\">\n\t\t\t\t\t\t\t\t\t\t\t\t\t<img decoding=\"async\" width=\"980\" height=\"693\" data-src=\"https:\/\/pro-bit.biz\/wp-content\/uploads\/2020\/12\/plakat-cepljenje_lezeci-popravek__FitWzk4MCw5ODAsIjRmMmE1ZTQ5YzkiXQ.png\" class=\"attachment-large size-large wp-image-5071 lazyload\" alt=\"\" data-srcset=\"https:\/\/pro-bit.biz\/wp-content\/uploads\/2020\/12\/plakat-cepljenje_lezeci-popravek__FitWzk4MCw5ODAsIjRmMmE1ZTQ5YzkiXQ.png 980w, https:\/\/pro-bit.biz\/wp-content\/uploads\/2020\/12\/plakat-cepljenje_lezeci-popravek__FitWzk4MCw5ODAsIjRmMmE1ZTQ5YzkiXQ-300x212.png 300w, https:\/\/pro-bit.biz\/wp-content\/uploads\/2020\/12\/plakat-cepljenje_lezeci-popravek__FitWzk4MCw5ODAsIjRmMmE1ZTQ5YzkiXQ-768x543.png 768w\" data-sizes=\"(max-width: 980px) 100vw, 980px\" src=\"data:image\/gif;base64,R0lGODlhAQABAAAAACH5BAEKAAEALAAAAAABAAEAAAICTAEAOw==\" style=\"--smush-placeholder-width: 980px; --smush-placeholder-aspect-ratio: 980\/693;\" \/><noscript><img decoding=\"async\" width=\"980\" height=\"693\" src=\"https:\/\/pro-bit.biz\/wp-content\/uploads\/2020\/12\/plakat-cepljenje_lezeci-popravek__FitWzk4MCw5ODAsIjRmMmE1ZTQ5YzkiXQ.png\" class=\"attachment-large size-large wp-image-5071\" alt=\"\" srcset=\"https:\/\/pro-bit.biz\/wp-content\/uploads\/2020\/12\/plakat-cepljenje_lezeci-popravek__FitWzk4MCw5ODAsIjRmMmE1ZTQ5YzkiXQ.png 980w, https:\/\/pro-bit.biz\/wp-content\/uploads\/2020\/12\/plakat-cepljenje_lezeci-popravek__FitWzk4MCw5ODAsIjRmMmE1ZTQ5YzkiXQ-300x212.png 300w, https:\/\/pro-bit.biz\/wp-content\/uploads\/2020\/12\/plakat-cepljenje_lezeci-popravek__FitWzk4MCw5ODAsIjRmMmE1ZTQ5YzkiXQ-768x543.png 768w\" sizes=\"(max-width: 980px) 100vw, 980px\" \/><\/noscript>\t\t\t\t\t\t\t\t\t\t\t\t\t<\/div>\n\t\t\t\t<\/div>\n\t\t\t\t\t<\/div>\n\t\t<\/div>\n\t\t\t\t\t<\/div>\n\t\t<\/section>\n\t\t\t\t<section class=\"elementor-section elementor-top-section elementor-element elementor-element-57262f5 elementor-section-boxed elementor-section-height-default elementor-section-height-default\" data-id=\"57262f5\" data-element_type=\"section\">\n\t\t\t\t\t\t<div class=\"elementor-container elementor-column-gap-default\">\n\t\t\t\t\t<div class=\"elementor-column elementor-col-100 elementor-top-column elementor-element elementor-element-d91e4ca\" data-id=\"d91e4ca\" data-element_type=\"column\">\n\t\t\t<div class=\"elementor-widget-wrap elementor-element-populated\">\n\t\t\t\t\t\t<div class=\"elementor-element elementor-element-fcad06e elementor-widget elementor-widget-text-editor\" data-id=\"fcad06e\" data-element_type=\"widget\" data-widget_type=\"text-editor.default\">\n\t\t\t\t<div class=\"elementor-widget-container\">\n\t\t\t\t\t\t\t<p><span style=\"color: #000000;\">Vsebina je pripravljena na podlagi objav na REPUBLIKA SLOVENIJA gov.si.<\/span><\/p>\t\t\t\t\t\t<\/div>\n\t\t\t\t<\/div>\n\t\t\t\t\t<\/div>\n\t\t<\/div>\n\t\t\t\t\t<\/div>\n\t\t<\/section>\n\t\t\t\t<section class=\"elementor-section elementor-top-section elementor-element elementor-element-ab5b204 elementor-section-boxed elementor-section-height-default elementor-section-height-default\" data-id=\"ab5b204\" data-element_type=\"section\">\n\t\t\t\t\t\t<div class=\"elementor-container elementor-column-gap-default\">\n\t\t\t\t\t<div class=\"elementor-column elementor-col-100 elementor-top-column elementor-element elementor-element-aa97d7d\" data-id=\"aa97d7d\" data-element_type=\"column\">\n\t\t\t<div class=\"elementor-widget-wrap elementor-element-populated\">\n\t\t\t\t\t\t<div class=\"elementor-element elementor-element-9b8f313 elementor-widget-divider--view-line elementor-widget elementor-widget-divider\" data-id=\"9b8f313\" data-element_type=\"widget\" data-widget_type=\"divider.default\">\n\t\t\t\t<div class=\"elementor-widget-container\">\n\t\t\t\t\t<div class=\"elementor-divider\">\n\t\t\t<span class=\"elementor-divider-separator\">\n\t\t\t\t\t\t<\/span>\n\t\t<\/div>\n\t\t\t\t<\/div>\n\t\t\t\t<\/div>\n\t\t\t\t\t<\/div>\n\t\t<\/div>\n\t\t\t\t\t<\/div>\n\t\t<\/section>\n\t\t\t\t<section class=\"elementor-section elementor-top-section elementor-element elementor-element-f96e639 elementor-section-boxed elementor-section-height-default elementor-section-height-default\" data-id=\"f96e639\" data-element_type=\"section\">\n\t\t\t\t\t\t<div class=\"elementor-container elementor-column-gap-default\">\n\t\t\t\t\t<div class=\"elementor-column elementor-col-100 elementor-top-column elementor-element elementor-element-27548e8\" data-id=\"27548e8\" data-element_type=\"column\">\n\t\t\t<div class=\"elementor-widget-wrap elementor-element-populated\">\n\t\t\t\t\t\t<div class=\"elementor-element elementor-element-96bca67 elementor-widget elementor-widget-heading\" data-id=\"96bca67\" data-element_type=\"widget\" data-widget_type=\"heading.default\">\n\t\t\t\t<div class=\"elementor-widget-container\">\n\t\t\t<h2 class=\"elementor-heading-title elementor-size-large\">Potrebujete pomo\u010d pri vzpostavitvi dela od doma?<\/h2>\t\t<\/div>\n\t\t\t\t<\/div>\n\t\t\t\t\t<\/div>\n\t\t<\/div>\n\t\t\t\t\t<\/div>\n\t\t<\/section>\n\t\t\t\t<section class=\"elementor-section elementor-top-section elementor-element elementor-element-659f86f elementor-section-boxed elementor-section-height-default elementor-section-height-default\" data-id=\"659f86f\" data-element_type=\"section\">\n\t\t\t\t\t\t<div class=\"elementor-container elementor-column-gap-default\">\n\t\t\t\t\t<div class=\"elementor-column elementor-col-100 elementor-top-column elementor-element elementor-element-f473fa0\" data-id=\"f473fa0\" data-element_type=\"column\">\n\t\t\t<div class=\"elementor-widget-wrap elementor-element-populated\">\n\t\t\t\t\t\t<div class=\"elementor-element elementor-element-7c1977e elementor-widget elementor-widget-text-editor\" data-id=\"7c1977e\" data-element_type=\"widget\" data-widget_type=\"text-editor.default\">\n\t\t\t\t<div class=\"elementor-widget-container\">\n\t\t\t\t\t\t\t<p style=\"text-align: left;\">\u010ce potrebujete pri uvedbi dela od doma kakr\u0161nokoli pomo\u010d,\u00a0nas kontaktirajte in z veseljem <strong>vam bomo pomagali, da bomo skupaj na\u0161li primerno re\u0161itev za va\u0161e varno delo na daljavo.\u00a0<\/strong><\/p>\t\t\t\t\t\t<\/div>\n\t\t\t\t<\/div>\n\t\t\t\t\t<\/div>\n\t\t<\/div>\n\t\t\t\t\t<\/div>\n\t\t<\/section>\n\t\t\t\t<section class=\"elementor-section elementor-top-section elementor-element elementor-element-31a1806 elementor-section-boxed elementor-section-height-default elementor-section-height-default\" data-id=\"31a1806\" data-element_type=\"section\">\n\t\t\t\t\t\t<div class=\"elementor-container elementor-column-gap-default\">\n\t\t\t\t\t<div class=\"elementor-column elementor-col-100 elementor-top-column elementor-element elementor-element-bea989e\" data-id=\"bea989e\" data-element_type=\"column\">\n\t\t\t<div class=\"elementor-widget-wrap elementor-element-populated\">\n\t\t\t\t\t\t<div class=\"elementor-element elementor-element-ab6dc36 elementor-button-success elementor-align-center elementor-widget elementor-widget-button\" data-id=\"ab6dc36\" data-element_type=\"widget\" data-widget_type=\"button.default\">\n\t\t\t\t<div class=\"elementor-widget-container\">\n\t\t\t\t\t<div class=\"elementor-button-wrapper\">\n\t\t\t<a class=\"elementor-button elementor-button-link elementor-size-sm\" href=\"mailto:prodaja@pro-bit.si?subject=\u017delim delati od doma, kako mi lahko pomagate\" target=\"_blank\">\n\t\t\t\t\t\t<span class=\"elementor-button-content-wrapper\">\n\t\t\t\t\t\t\t\t\t<span class=\"elementor-button-text\">Pi\u0161ite nam tukaj >><\/span>\n\t\t\t\t\t<\/span>\n\t\t\t\t\t<\/a>\n\t\t<\/div>\n\t\t\t\t<\/div>\n\t\t\t\t<\/div>\n\t\t\t\t\t<\/div>\n\t\t<\/div>\n\t\t\t\t\t<\/div>\n\t\t<\/section>\n\t\t\t\t<section class=\"elementor-section elementor-top-section elementor-element elementor-element-8df4f30 elementor-section-boxed elementor-section-height-default elementor-section-height-default\" data-id=\"8df4f30\" data-element_type=\"section\">\n\t\t\t\t\t\t<div class=\"elementor-container elementor-column-gap-default\">\n\t\t\t\t\t<div class=\"elementor-column elementor-col-100 elementor-top-column elementor-element elementor-element-bf3c0f3\" data-id=\"bf3c0f3\" data-element_type=\"column\">\n\t\t\t<div class=\"elementor-widget-wrap elementor-element-populated\">\n\t\t\t\t\t\t<div class=\"elementor-element elementor-element-b66ee40 elementor-widget elementor-widget-text-editor\" data-id=\"b66ee40\" data-element_type=\"widget\" data-widget_type=\"text-editor.default\">\n\t\t\t\t<div class=\"elementor-widget-container\">\n\t\t\t\t\t\t\t<p style=\"text-align: left;\">\u010ce potrebujete pri uvedbi dela od doma kakr\u0161nokoli pomo\u010d,\u00a0nas kontaktirajte in z veseljem <strong>vam bomo pomagali, da bomo skupaj na\u0161li primerno re\u0161itev za va\u0161e varno delo na daljavo.\u00a0<\/strong><\/p>\t\t\t\t\t\t<\/div>\n\t\t\t\t<\/div>\n\t\t\t\t\t<\/div>\n\t\t<\/div>\n\t\t\t\t\t<\/div>\n\t\t<\/section>\n\t\t\t\t<section class=\"elementor-section elementor-top-section elementor-element elementor-element-4b0ee6d elementor-section-boxed elementor-section-height-default elementor-section-height-default\" data-id=\"4b0ee6d\" data-element_type=\"section\">\n\t\t\t\t\t\t<div class=\"elementor-container elementor-column-gap-default\">\n\t\t\t\t\t<div class=\"elementor-column elementor-col-100 elementor-top-column elementor-element elementor-element-c93c682\" data-id=\"c93c682\" data-element_type=\"column\">\n\t\t\t<div class=\"elementor-widget-wrap elementor-element-populated\">\n\t\t\t\t\t\t<div class=\"elementor-element elementor-element-0ecbc51 elementor-shape-rounded elementor-grid-0 e-grid-align-center elementor-widget elementor-widget-social-icons\" data-id=\"0ecbc51\" data-element_type=\"widget\" data-widget_type=\"social-icons.default\">\n\t\t\t\t<div class=\"elementor-widget-container\">\n\t\t\t\t\t<div class=\"elementor-social-icons-wrapper elementor-grid\">\n\t\t\t\t\t\t\t<span class=\"elementor-grid-item\">\n\t\t\t\t\t<a class=\"elementor-icon elementor-social-icon elementor-social-icon-facebook elementor-repeater-item-ddc29ab\" href=\"https:\/\/www.facebook.com\/Probit2020\/\" target=\"_blank\">\n\t\t\t\t\t\t<span class=\"elementor-screen-only\">Facebook<\/span>\n\t\t\t\t\t\t<i class=\"fab fa-facebook\"><\/i>\t\t\t\t\t<\/a>\n\t\t\t\t<\/span>\n\t\t\t\t\t\t\t<span class=\"elementor-grid-item\">\n\t\t\t\t\t<a class=\"elementor-icon elementor-social-icon elementor-social-icon-linkedin elementor-repeater-item-fef40b9\" href=\"https:\/\/www.linkedin.com\/company\/pro-bit-programska-oprema-d-o-o-\/\" target=\"_blank\">\n\t\t\t\t\t\t<span class=\"elementor-screen-only\">Linkedin<\/span>\n\t\t\t\t\t\t<i class=\"fab fa-linkedin\"><\/i>\t\t\t\t\t<\/a>\n\t\t\t\t<\/span>\n\t\t\t\t\t<\/div>\n\t\t\t\t<\/div>\n\t\t\t\t<\/div>\n\t\t\t\t\t<\/div>\n\t\t<\/div>\n\t\t\t\t\t<\/div>\n\t\t<\/section>\n\t\t\t\t<section class=\"elementor-section elementor-top-section elementor-element elementor-element-b723f40 elementor-section-boxed elementor-section-height-default elementor-section-height-default\" data-id=\"b723f40\" data-element_type=\"section\">\n\t\t\t\t\t\t<div class=\"elementor-container elementor-column-gap-default\">\n\t\t\t\t\t<div class=\"elementor-column elementor-col-100 elementor-top-column elementor-element elementor-element-8c4e35f\" data-id=\"8c4e35f\" data-element_type=\"column\">\n\t\t\t<div class=\"elementor-widget-wrap elementor-element-populated\">\n\t\t\t\t\t\t<div class=\"elementor-element elementor-element-0ff82a6 elementor-widget elementor-widget-facebook-button\" data-id=\"0ff82a6\" data-element_type=\"widget\" data-widget_type=\"facebook-button.default\">\n\t\t\t\t<div class=\"elementor-widget-container\">\n\t\t\t\t\t<div data-layout=\"standard\" data-colorscheme=\"light\" data-size=\"large\" data-show-faces=\"false\" class=\"elementor-facebook-widget fb-like\" data-href=\"https:\/\/pro-bit.biz\/en\/?p=5069\" data-share=\"true\" data-action=\"like\"><\/div>\n\t\t\t\t<\/div>\n\t\t\t\t<\/div>\n\t\t\t\t\t<\/div>\n\t\t<\/div>\n\t\t\t\t\t<\/div>\n\t\t<\/section>\n\t\t\t\t<\/div>","protected":false},"excerpt":{"rendered":"<p>Vlada je skupaj s strokovno skupino pripravila na\u010drt spro\u0161\u010danja ukrepov za zajezitev epidemije covid-19. Razdelila ga je v pet skupin:\u00a0\u010drno, rde\u010do, oran\u017eno, rumeno in zeleno. Glavna kriterija skupin sta sedemdnevno [&hellip;]<\/p>","protected":false},"author":1,"featured_media":0,"comment_status":"open","ping_status":"open","sticky":false,"template":"","format":"standard","meta":{"inline_featured_image":false,"_price":"","_stock":"","_tribe_ticket_header":"","_tribe_default_ticket_provider":"","_tribe_ticket_capacity":"0","_ticket_start_date":"","_ticket_end_date":"","_tribe_ticket_show_description":"","_tribe_ticket_show_not_going":false,"_tribe_ticket_use_global_stock":"","_tribe_ticket_global_stock_level":"","_global_stock_mode":"","_global_stock_cap":"","_tribe_rsvp_for_event":"","_tribe_ticket_going_count":"","_tribe_ticket_not_going_count":"","_tribe_tickets_list":"[]","_tribe_ticket_has_attendee_info_fields":false,"_EventAllDay":false,"_EventTimezone":"","_EventStartDate":"","_EventEndDate":"","_EventStartDateUTC":"","_EventEndDateUTC":"","_EventShowMap":false,"_EventShowMapLink":false,"_EventURL":"","_EventCost":"","_EventCostDescription":"","_EventCurrencySymbol":"","_EventCurrencyCode":"","_EventCurrencyPosition":"","_EventDateTimeSeparator":"","_EventTimeRangeSeparator":"","_EventOrganizerID":[],"_EventVenueID":[],"_OrganizerEmail":"","_OrganizerPhone":"","_OrganizerWebsite":"","_VenueAddress":"","_VenueCity":"","_VenueCountry":"","_VenueProvince":"","_VenueState":"","_VenueZip":"","_VenuePhone":"","_VenueURL":"","_VenueStateProvince":"","_VenueLat":"","_VenueLng":"","_VenueShowMap":false,"_VenueShowMapLink":false,"ocean_post_layout":"","ocean_both_sidebars_style":"","ocean_both_sidebars_content_width":0,"ocean_both_sidebars_sidebars_width":0,"ocean_sidebar":"","ocean_second_sidebar":"","ocean_disable_margins":"enable","ocean_add_body_class":"","ocean_shortcode_before_top_bar":"","ocean_shortcode_after_top_bar":"","ocean_shortcode_before_header":"","ocean_shortcode_after_header":"","ocean_has_shortcode":"","ocean_shortcode_after_title":"","ocean_shortcode_before_footer_widgets":"","ocean_shortcode_after_footer_widgets":"","ocean_shortcode_before_footer_bottom":"","ocean_shortcode_after_footer_bottom":"","ocean_display_top_bar":"default","ocean_display_header":"default","ocean_header_style":"","ocean_center_header_left_menu":"","ocean_custom_header_template":"","ocean_custom_logo":0,"ocean_custom_retina_logo":0,"ocean_custom_logo_max_width":0,"ocean_custom_logo_tablet_max_width":0,"ocean_custom_logo_mobile_max_width":0,"ocean_custom_logo_max_height":0,"ocean_custom_logo_tablet_max_height":0,"ocean_custom_logo_mobile_max_height":0,"ocean_header_custom_menu":"","ocean_menu_typo_font_family":"","ocean_menu_typo_font_subset":"","ocean_menu_typo_font_size":0,"ocean_menu_typo_font_size_tablet":0,"ocean_menu_typo_font_size_mobile":0,"ocean_menu_typo_font_size_unit":"px","ocean_menu_typo_font_weight":"","ocean_menu_typo_font_weight_tablet":"","ocean_menu_typo_font_weight_mobile":"","ocean_menu_typo_transform":"","ocean_menu_typo_transform_tablet":"","ocean_menu_typo_transform_mobile":"","ocean_menu_typo_line_height":0,"ocean_menu_typo_line_height_tablet":0,"ocean_menu_typo_line_height_mobile":0,"ocean_menu_typo_line_height_unit":"","ocean_menu_typo_spacing":0,"ocean_menu_typo_spacing_tablet":0,"ocean_menu_typo_spacing_mobile":0,"ocean_menu_typo_spacing_unit":"","ocean_menu_link_color":"","ocean_menu_link_color_hover":"","ocean_menu_link_color_active":"","ocean_menu_link_background":"","ocean_menu_link_hover_background":"","ocean_menu_link_active_background":"","ocean_menu_social_links_bg":"","ocean_menu_social_hover_links_bg":"","ocean_menu_social_links_color":"","ocean_menu_social_hover_links_color":"","ocean_disable_title":"default","ocean_disable_heading":"default","ocean_post_title":"","ocean_post_subheading":"","ocean_post_title_style":"","ocean_post_title_background_color":"","ocean_post_title_background":0,"ocean_post_title_bg_image_position":"","ocean_post_title_bg_image_attachment":"","ocean_post_title_bg_image_repeat":"","ocean_post_title_bg_image_size":"","ocean_post_title_height":0,"ocean_post_title_bg_overlay":0.5,"ocean_post_title_bg_overlay_color":"","ocean_disable_breadcrumbs":"default","ocean_breadcrumbs_color":"","ocean_breadcrumbs_separator_color":"","ocean_breadcrumbs_links_color":"","ocean_breadcrumbs_links_hover_color":"","ocean_display_footer_widgets":"default","ocean_display_footer_bottom":"default","ocean_custom_footer_template":"","_tribe_events_control_status":"","_tribe_events_control_status_canceled_reason":"","_tribe_events_control_status_postponed_reason":"","_tribe_events_control_online":"","_tribe_events_control_online_url":"","ocean_post_oembed":"","ocean_post_self_hosted_media":"","ocean_post_video_embed":"","ocean_link_format":"","ocean_link_format_target":"self","ocean_quote_format":"","ocean_quote_format_link":"post","ocean_gallery_link_images":"on","ocean_gallery_id":[],"footnotes":""},"categories":[1],"tags":[],"yoast_head":"<!-- This site is optimized with the Yoast SEO plugin v22.8 - https:\/\/yoast.com\/wordpress\/plugins\/seo\/ -->\n<title>Na\u010drt spro\u0161\u010danja ukrepov za zajezitev epidemije covid-19 - Pro-Bit Beograd d.o.o. - RE\u0160ENJA, KOJA RASTU SA VAMA<\/title>\n<meta name=\"robots\" content=\"index, follow, max-snippet:-1, max-image-preview:large, max-video-preview:-1\" \/>\n<link rel=\"canonical\" href=\"https:\/\/pro-bit.biz\/en\/nacrt-sproscanja-ukrepov-za-zajezitev-epidemije-covid-19\/\" \/>\n<meta property=\"og:locale\" content=\"en_GB\" \/>\n<meta property=\"og:type\" content=\"article\" \/>\n<meta property=\"og:title\" content=\"Na\u010drt spro\u0161\u010danja ukrepov za zajezitev epidemije covid-19 - Pro-Bit Beograd d.o.o. - RE\u0160ENJA, KOJA RASTU SA VAMA\" \/>\n<meta property=\"og:description\" content=\"Vlada je skupaj s strokovno skupino pripravila na\u010drt spro\u0161\u010danja ukrepov za zajezitev epidemije covid-19. Razdelila ga je v pet skupin:\u00a0\u010drno, rde\u010do, oran\u017eno, rumeno in zeleno. Glavna kriterija skupin sta sedemdnevno [&hellip;]\" \/>\n<meta property=\"og:url\" content=\"https:\/\/pro-bit.biz\/en\/nacrt-sproscanja-ukrepov-za-zajezitev-epidemije-covid-19\/\" \/>\n<meta property=\"og:site_name\" content=\"Pro-Bit Beograd d.o.o. - RE\u0160ENJA, KOJA RASTU SA VAMA\" \/>\n<meta property=\"article:publisher\" content=\"https:\/\/www.facebook.com\/Probit2020\/\" \/>\n<meta property=\"article:published_time\" content=\"2020-12-07T07:32:28+00:00\" \/>\n<meta property=\"article:modified_time\" content=\"2020-12-07T07:38:12+00:00\" \/>\n<meta property=\"og:image\" content=\"https:\/\/pro-bit.biz\/\/wp-content\/uploads\/2020\/12\/03122020-ukrepi__FitWzk4MCw5ODAsIjMyZjM1MDE0ODEiXQ.jpg\" \/>\n<meta name=\"author\" content=\"adminProbitBiz\" \/>\n<meta name=\"twitter:card\" content=\"summary_large_image\" \/>\n<meta name=\"twitter:label1\" content=\"Written by\" \/>\n\t<meta name=\"twitter:data1\" content=\"adminProbitBiz\" \/>\n\t<meta name=\"twitter:label2\" content=\"Estimated reading time\" \/>\n\t<meta name=\"twitter:data2\" content=\"2 minutes\" \/>\n<script type=\"application\/ld+json\" class=\"yoast-schema-graph\">{\"@context\":\"https:\/\/schema.org\",\"@graph\":[{\"@type\":\"Article\",\"@id\":\"https:\/\/pro-bit.biz\/en\/nacrt-sproscanja-ukrepov-za-zajezitev-epidemije-covid-19\/#article\",\"isPartOf\":{\"@id\":\"https:\/\/pro-bit.biz\/en\/nacrt-sproscanja-ukrepov-za-zajezitev-epidemije-covid-19\/\"},\"author\":{\"name\":\"adminProbitBiz\",\"@id\":\"https:\/\/pro-bit.biz\/sr\/#\/schema\/person\/2bee56fc966b6ce8e570a107920d1594\"},\"headline\":\"Na\u010drt spro\u0161\u010danja ukrepov za zajezitev epidemije covid-19\",\"datePublished\":\"2020-12-07T07:32:28+00:00\",\"dateModified\":\"2020-12-07T07:38:12+00:00\",\"mainEntityOfPage\":{\"@id\":\"https:\/\/pro-bit.biz\/en\/nacrt-sproscanja-ukrepov-za-zajezitev-epidemije-covid-19\/\"},\"wordCount\":389,\"commentCount\":0,\"publisher\":{\"@id\":\"https:\/\/pro-bit.biz\/sr\/#organization\"},\"image\":{\"@id\":\"https:\/\/pro-bit.biz\/en\/nacrt-sproscanja-ukrepov-za-zajezitev-epidemije-covid-19\/#primaryimage\"},\"thumbnailUrl\":\"https:\/\/pro-bit.biz\/\/wp-content\/uploads\/2020\/12\/03122020-ukrepi__FitWzk4MCw5ODAsIjMyZjM1MDE0ODEiXQ.jpg\",\"articleSection\":[\"Novice in obvestila\"],\"inLanguage\":\"en-GB\",\"potentialAction\":[{\"@type\":\"CommentAction\",\"name\":\"Comment\",\"target\":[\"https:\/\/pro-bit.biz\/en\/nacrt-sproscanja-ukrepov-za-zajezitev-epidemije-covid-19\/#respond\"]}]},{\"@type\":\"WebPage\",\"@id\":\"https:\/\/pro-bit.biz\/en\/nacrt-sproscanja-ukrepov-za-zajezitev-epidemije-covid-19\/\",\"url\":\"https:\/\/pro-bit.biz\/en\/nacrt-sproscanja-ukrepov-za-zajezitev-epidemije-covid-19\/\",\"name\":\"Na\u010drt spro\u0161\u010danja ukrepov za zajezitev epidemije covid-19 - Pro-Bit Beograd d.o.o. - RE\u0160ENJA, KOJA RASTU SA VAMA\",\"isPartOf\":{\"@id\":\"https:\/\/pro-bit.biz\/sr\/#website\"},\"primaryImageOfPage\":{\"@id\":\"https:\/\/pro-bit.biz\/en\/nacrt-sproscanja-ukrepov-za-zajezitev-epidemije-covid-19\/#primaryimage\"},\"image\":{\"@id\":\"https:\/\/pro-bit.biz\/en\/nacrt-sproscanja-ukrepov-za-zajezitev-epidemije-covid-19\/#primaryimage\"},\"thumbnailUrl\":\"https:\/\/pro-bit.biz\/\/wp-content\/uploads\/2020\/12\/03122020-ukrepi__FitWzk4MCw5ODAsIjMyZjM1MDE0ODEiXQ.jpg\",\"datePublished\":\"2020-12-07T07:32:28+00:00\",\"dateModified\":\"2020-12-07T07:38:12+00:00\",\"breadcrumb\":{\"@id\":\"https:\/\/pro-bit.biz\/en\/nacrt-sproscanja-ukrepov-za-zajezitev-epidemije-covid-19\/#breadcrumb\"},\"inLanguage\":\"en-GB\",\"potentialAction\":[{\"@type\":\"ReadAction\",\"target\":[\"https:\/\/pro-bit.biz\/en\/nacrt-sproscanja-ukrepov-za-zajezitev-epidemije-covid-19\/\"]}]},{\"@type\":\"ImageObject\",\"inLanguage\":\"en-GB\",\"@id\":\"https:\/\/pro-bit.biz\/en\/nacrt-sproscanja-ukrepov-za-zajezitev-epidemije-covid-19\/#primaryimage\",\"url\":\"https:\/\/pro-bit.biz\/\/wp-content\/uploads\/2020\/12\/03122020-ukrepi__FitWzk4MCw5ODAsIjMyZjM1MDE0ODEiXQ.jpg\",\"contentUrl\":\"https:\/\/pro-bit.biz\/\/wp-content\/uploads\/2020\/12\/03122020-ukrepi__FitWzk4MCw5ODAsIjMyZjM1MDE0ODEiXQ.jpg\"},{\"@type\":\"BreadcrumbList\",\"@id\":\"https:\/\/pro-bit.biz\/en\/nacrt-sproscanja-ukrepov-za-zajezitev-epidemije-covid-19\/#breadcrumb\",\"itemListElement\":[{\"@type\":\"ListItem\",\"position\":1,\"name\":\"Home\",\"item\":\"https:\/\/pro-bit.biz\/\"},{\"@type\":\"ListItem\",\"position\":2,\"name\":\"Na\u010drt spro\u0161\u010danja ukrepov za zajezitev epidemije covid-19\"}]},{\"@type\":\"WebSite\",\"@id\":\"https:\/\/pro-bit.biz\/sr\/#website\",\"url\":\"https:\/\/pro-bit.biz\/sr\/\",\"name\":\"Pro-Bit\",\"description\":\"U preduze\u0107u Pro-bit Beograd d.o.o. bavimo se celovitim re\u0161enjima na polju informatike. Na\u0161a ponuda uklju\u010duje sve potrebno za izgradnju celovitih informacionih sistema.\",\"publisher\":{\"@id\":\"https:\/\/pro-bit.biz\/sr\/#organization\"},\"potentialAction\":[{\"@type\":\"SearchAction\",\"target\":{\"@type\":\"EntryPoint\",\"urlTemplate\":\"https:\/\/pro-bit.biz\/sr\/?s={search_term_string}\"},\"query-input\":\"required name=search_term_string\"}],\"inLanguage\":\"en-GB\"},{\"@type\":\"Organization\",\"@id\":\"https:\/\/pro-bit.biz\/sr\/#organization\",\"name\":\"Pro-Bit\",\"url\":\"https:\/\/pro-bit.biz\/sr\/\",\"logo\":{\"@type\":\"ImageObject\",\"inLanguage\":\"en-GB\",\"@id\":\"https:\/\/pro-bit.biz\/sr\/#\/schema\/logo\/image\/\",\"url\":\"https:\/\/dev.pro-bit.biz\/wp-content\/uploads\/2020\/05\/faviconpb2.png\",\"contentUrl\":\"https:\/\/dev.pro-bit.biz\/wp-content\/uploads\/2020\/05\/faviconpb2.png\",\"width\":512,\"height\":512,\"caption\":\"Pro-Bit\"},\"image\":{\"@id\":\"https:\/\/pro-bit.biz\/sr\/#\/schema\/logo\/image\/\"},\"sameAs\":[\"https:\/\/www.facebook.com\/Probit2020\/\",\"https:\/\/www.linkedin.com\/company\/pro-bit-programska-oprema-d-o-o-\/\"]},{\"@type\":\"Person\",\"@id\":\"https:\/\/pro-bit.biz\/sr\/#\/schema\/person\/2bee56fc966b6ce8e570a107920d1594\",\"name\":\"adminProbitBiz\",\"image\":{\"@type\":\"ImageObject\",\"inLanguage\":\"en-GB\",\"@id\":\"https:\/\/pro-bit.biz\/sr\/#\/schema\/person\/image\/\",\"url\":\"https:\/\/secure.gravatar.com\/avatar\/f3246304def2508d4e66da3a7f9a4abb?s=96&d=mm&r=g\",\"contentUrl\":\"https:\/\/secure.gravatar.com\/avatar\/f3246304def2508d4e66da3a7f9a4abb?s=96&d=mm&r=g\",\"caption\":\"adminProbitBiz\"}}]}<\/script>\n<!-- \/ Yoast SEO plugin. -->","yoast_head_json":{"title":"Na\u010drt spro\u0161\u010danja ukrepov za zajezitev epidemije covid-19 - Pro-Bit Beograd d.o.o. - RE\u0160ENJA, KOJA RASTU SA VAMA","robots":{"index":"index","follow":"follow","max-snippet":"max-snippet:-1","max-image-preview":"max-image-preview:large","max-video-preview":"max-video-preview:-1"},"canonical":"https:\/\/pro-bit.biz\/en\/nacrt-sproscanja-ukrepov-za-zajezitev-epidemije-covid-19\/","og_locale":"en_GB","og_type":"article","og_title":"Na\u010drt spro\u0161\u010danja ukrepov za zajezitev epidemije covid-19 - Pro-Bit Beograd d.o.o. - RE\u0160ENJA, KOJA RASTU SA VAMA","og_description":"Vlada je skupaj s strokovno skupino pripravila na\u010drt spro\u0161\u010danja ukrepov za zajezitev epidemije covid-19. Razdelila ga je v pet skupin:\u00a0\u010drno, rde\u010do, oran\u017eno, rumeno in zeleno. Glavna kriterija skupin sta sedemdnevno [&hellip;]","og_url":"https:\/\/pro-bit.biz\/en\/nacrt-sproscanja-ukrepov-za-zajezitev-epidemije-covid-19\/","og_site_name":"Pro-Bit Beograd d.o.o. - RE\u0160ENJA, KOJA RASTU SA VAMA","article_publisher":"https:\/\/www.facebook.com\/Probit2020\/","article_published_time":"2020-12-07T07:32:28+00:00","article_modified_time":"2020-12-07T07:38:12+00:00","og_image":[{"url":"https:\/\/pro-bit.biz\/\/wp-content\/uploads\/2020\/12\/03122020-ukrepi__FitWzk4MCw5ODAsIjMyZjM1MDE0ODEiXQ.jpg"}],"author":"adminProbitBiz","twitter_card":"summary_large_image","twitter_misc":{"Written by":"adminProbitBiz","Estimated reading time":"2 minutes"},"schema":{"@context":"https:\/\/schema.org","@graph":[{"@type":"Article","@id":"https:\/\/pro-bit.biz\/en\/nacrt-sproscanja-ukrepov-za-zajezitev-epidemije-covid-19\/#article","isPartOf":{"@id":"https:\/\/pro-bit.biz\/en\/nacrt-sproscanja-ukrepov-za-zajezitev-epidemije-covid-19\/"},"author":{"name":"adminProbitBiz","@id":"https:\/\/pro-bit.biz\/sr\/#\/schema\/person\/2bee56fc966b6ce8e570a107920d1594"},"headline":"Na\u010drt spro\u0161\u010danja ukrepov za zajezitev epidemije covid-19","datePublished":"2020-12-07T07:32:28+00:00","dateModified":"2020-12-07T07:38:12+00:00","mainEntityOfPage":{"@id":"https:\/\/pro-bit.biz\/en\/nacrt-sproscanja-ukrepov-za-zajezitev-epidemije-covid-19\/"},"wordCount":389,"commentCount":0,"publisher":{"@id":"https:\/\/pro-bit.biz\/sr\/#organization"},"image":{"@id":"https:\/\/pro-bit.biz\/en\/nacrt-sproscanja-ukrepov-za-zajezitev-epidemije-covid-19\/#primaryimage"},"thumbnailUrl":"https:\/\/pro-bit.biz\/\/wp-content\/uploads\/2020\/12\/03122020-ukrepi__FitWzk4MCw5ODAsIjMyZjM1MDE0ODEiXQ.jpg","articleSection":["Novice in obvestila"],"inLanguage":"en-GB","potentialAction":[{"@type":"CommentAction","name":"Comment","target":["https:\/\/pro-bit.biz\/en\/nacrt-sproscanja-ukrepov-za-zajezitev-epidemije-covid-19\/#respond"]}]},{"@type":"WebPage","@id":"https:\/\/pro-bit.biz\/en\/nacrt-sproscanja-ukrepov-za-zajezitev-epidemije-covid-19\/","url":"https:\/\/pro-bit.biz\/en\/nacrt-sproscanja-ukrepov-za-zajezitev-epidemije-covid-19\/","name":"Na\u010drt spro\u0161\u010danja ukrepov za zajezitev epidemije covid-19 - Pro-Bit Beograd d.o.o. - RE\u0160ENJA, KOJA RASTU SA VAMA","isPartOf":{"@id":"https:\/\/pro-bit.biz\/sr\/#website"},"primaryImageOfPage":{"@id":"https:\/\/pro-bit.biz\/en\/nacrt-sproscanja-ukrepov-za-zajezitev-epidemije-covid-19\/#primaryimage"},"image":{"@id":"https:\/\/pro-bit.biz\/en\/nacrt-sproscanja-ukrepov-za-zajezitev-epidemije-covid-19\/#primaryimage"},"thumbnailUrl":"https:\/\/pro-bit.biz\/\/wp-content\/uploads\/2020\/12\/03122020-ukrepi__FitWzk4MCw5ODAsIjMyZjM1MDE0ODEiXQ.jpg","datePublished":"2020-12-07T07:32:28+00:00","dateModified":"2020-12-07T07:38:12+00:00","breadcrumb":{"@id":"https:\/\/pro-bit.biz\/en\/nacrt-sproscanja-ukrepov-za-zajezitev-epidemije-covid-19\/#breadcrumb"},"inLanguage":"en-GB","potentialAction":[{"@type":"ReadAction","target":["https:\/\/pro-bit.biz\/en\/nacrt-sproscanja-ukrepov-za-zajezitev-epidemije-covid-19\/"]}]},{"@type":"ImageObject","inLanguage":"en-GB","@id":"https:\/\/pro-bit.biz\/en\/nacrt-sproscanja-ukrepov-za-zajezitev-epidemije-covid-19\/#primaryimage","url":"https:\/\/pro-bit.biz\/\/wp-content\/uploads\/2020\/12\/03122020-ukrepi__FitWzk4MCw5ODAsIjMyZjM1MDE0ODEiXQ.jpg","contentUrl":"https:\/\/pro-bit.biz\/\/wp-content\/uploads\/2020\/12\/03122020-ukrepi__FitWzk4MCw5ODAsIjMyZjM1MDE0ODEiXQ.jpg"},{"@type":"BreadcrumbList","@id":"https:\/\/pro-bit.biz\/en\/nacrt-sproscanja-ukrepov-za-zajezitev-epidemije-covid-19\/#breadcrumb","itemListElement":[{"@type":"ListItem","position":1,"name":"Home","item":"https:\/\/pro-bit.biz\/"},{"@type":"ListItem","position":2,"name":"Na\u010drt spro\u0161\u010danja ukrepov za zajezitev epidemije covid-19"}]},{"@type":"WebSite","@id":"https:\/\/pro-bit.biz\/sr\/#website","url":"https:\/\/pro-bit.biz\/sr\/","name":"Pro-Bit","description":"U preduze\u0107u Pro-bit Beograd d.o.o. bavimo se celovitim re\u0161enjima na polju informatike. Na\u0161a ponuda uklju\u010duje sve potrebno za izgradnju celovitih informacionih sistema.","publisher":{"@id":"https:\/\/pro-bit.biz\/sr\/#organization"},"potentialAction":[{"@type":"SearchAction","target":{"@type":"EntryPoint","urlTemplate":"https:\/\/pro-bit.biz\/sr\/?s={search_term_string}"},"query-input":"required name=search_term_string"}],"inLanguage":"en-GB"},{"@type":"Organization","@id":"https:\/\/pro-bit.biz\/sr\/#organization","name":"Pro-Bit","url":"https:\/\/pro-bit.biz\/sr\/","logo":{"@type":"ImageObject","inLanguage":"en-GB","@id":"https:\/\/pro-bit.biz\/sr\/#\/schema\/logo\/image\/","url":"https:\/\/dev.pro-bit.biz\/wp-content\/uploads\/2020\/05\/faviconpb2.png","contentUrl":"https:\/\/dev.pro-bit.biz\/wp-content\/uploads\/2020\/05\/faviconpb2.png","width":512,"height":512,"caption":"Pro-Bit"},"image":{"@id":"https:\/\/pro-bit.biz\/sr\/#\/schema\/logo\/image\/"},"sameAs":["https:\/\/www.facebook.com\/Probit2020\/","https:\/\/www.linkedin.com\/company\/pro-bit-programska-oprema-d-o-o-\/"]},{"@type":"Person","@id":"https:\/\/pro-bit.biz\/sr\/#\/schema\/person\/2bee56fc966b6ce8e570a107920d1594","name":"adminProbitBiz","image":{"@type":"ImageObject","inLanguage":"en-GB","@id":"https:\/\/pro-bit.biz\/sr\/#\/schema\/person\/image\/","url":"https:\/\/secure.gravatar.com\/avatar\/f3246304def2508d4e66da3a7f9a4abb?s=96&d=mm&r=g","contentUrl":"https:\/\/secure.gravatar.com\/avatar\/f3246304def2508d4e66da3a7f9a4abb?s=96&d=mm&r=g","caption":"adminProbitBiz"}}]}},"ticketed":false,"_links":{"self":[{"href":"https:\/\/pro-bit.biz\/en\/wp-json\/wp\/v2\/posts\/5069"}],"collection":[{"href":"https:\/\/pro-bit.biz\/en\/wp-json\/wp\/v2\/posts"}],"about":[{"href":"https:\/\/pro-bit.biz\/en\/wp-json\/wp\/v2\/types\/post"}],"author":[{"embeddable":true,"href":"https:\/\/pro-bit.biz\/en\/wp-json\/wp\/v2\/users\/1"}],"replies":[{"embeddable":true,"href":"https:\/\/pro-bit.biz\/en\/wp-json\/wp\/v2\/comments?post=5069"}],"version-history":[{"count":2,"href":"https:\/\/pro-bit.biz\/en\/wp-json\/wp\/v2\/posts\/5069\/revisions"}],"predecessor-version":[{"id":5073,"href":"https:\/\/pro-bit.biz\/en\/wp-json\/wp\/v2\/posts\/5069\/revisions\/5073"}],"wp:attachment":[{"href":"https:\/\/pro-bit.biz\/en\/wp-json\/wp\/v2\/media?parent=5069"}],"wp:term":[{"taxonomy":"category","embeddable":true,"href":"https:\/\/pro-bit.biz\/en\/wp-json\/wp\/v2\/categories?post=5069"},{"taxonomy":"post_tag","embeddable":true,"href":"https:\/\/pro-bit.biz\/en\/wp-json\/wp\/v2\/tags?post=5069"}],"curies":[{"name":"wp","href":"https:\/\/api.w.org\/{rel}","templated":true}]}}