{
    "id": 2721,
    "date": "2020-02-10T13:26:58",
    "date_gmt": "2020-02-10T13:26:58",
    "guid": {
        "rendered": "http:\/\/pro-bit.si\/?p=2721"
    },
    "modified": "2020-02-10T13:26:58",
    "modified_gmt": "2020-02-10T13:26:58",
    "slug": "tudi-v-letu-2020-se-nadaljujejo-prijave-na-vavcer-za-dvig-digitalnih-kompetenc",
    "status": "publish",
    "type": "post",
    "link": "https:\/\/pro-bit.biz\/sl\/tudi-v-letu-2020-se-nadaljujejo-prijave-na-vavcer-za-dvig-digitalnih-kompetenc\/",
    "title": {
        "rendered": "Tudi v letu 2020 se nadaljujejo prijave na vav\u010der za dvig digitalnih kompetenc"
    },
    "content": {
        "rendered": "<p>Spo\u0161tovani.<br><br>Slovenski podjetni\u0161ki sklad je objavil&nbsp;<strong>Vav\u010der za dvig digitalnih kompetenc<\/strong>, s katerim \u017eelijo&nbsp;spodbuditi mala in srednje velika podjetja&nbsp;k zagotovitvi ustreznih znanj zaposlenih in vodstvenega kadra za klju\u010dna podro\u010dja digitalizacije, s \u010dimer se bo pove\u010dala njihova konkuren\u010dnost, dodana vrednost oz. prihodki od prodaje. Predmet javnega poziva je&nbsp;<strong>sofinanciranje upravi\u010denih stro\u0161kov usposabljanj s strani&nbsp;zunanjih izvajalcev<\/strong>, ki so&nbsp;navedeni v seznamu usposobljenih izvajalcev za izvajanje usposabljanj&nbsp;za pridobitev digitalnih kompetenc na klju\u010dnih podro\u010djih digitalizacije v katalogu usposabljanj pri DIH Slovenija.&nbsp;<br><strong>Podjetje PRO-BIT Programska oprema je vpisano v Katalog usposabljanj. V&nbsp;podro\u010dju&nbsp;Digitalizacija procesov sodelujemo v 5 sklopih:<\/strong><br>&#8211;&nbsp;Evidenca delovnega \u010dasa,<br>&#8211; Digitalizacija poslovanja v podjetju&nbsp;(po\u0161tna knjiga, dokumentni sistem, elektronska likvidacija dokumentov),<br>&#8211;&nbsp;Digitalizacija skladi\u0161\u010dnega poslovanja,<br>&#8211;&nbsp;Digitalizacija Pomo\u010di na domu in&nbsp;<br>&#8211;&nbsp;Informacijski portal za upravljavce nepremi\u010dnin.<\/p>\n\n\n\n<p><strong>V podro\u010dju U\u010dinkovita uporaba digitalnih tehnologij imamo razpisana naslednja tematike:<\/strong><br>&#8211; PRO.4 Finance,<br>&#8211; PRO.4 HRM,<br>&#8211; PRO.4 Pla\u010de in<br>&#8211;&nbsp;Digitalizacija procesov na podro\u010dju Fizioterapije.<\/p>\n\n\n\n<p><strong>Prav tako sodelujemo \u0161e v dodatnem sklopu za Digitalni marketing kot zastopniki podjetja FRAM Creative Solutions.<\/strong><\/p>\n\n\n\n<p><strong>Podroben seznam vsebin v katalogu najdete na povezavi&nbsp;<a href=\"https:\/\/pro-bit.us4.list-manage.com\/track\/click?u=65ed3b5e0480c8a149d798608&amp;id=2c38f150c4&amp;e=1dceb658ab\" target=\"_blank\" rel=\"noreferrer noopener\">tukaj<\/a>, v iskanje vpi\u0161ite PRO-BIT.<\/strong><\/p>\n\n\n\n<p><strong>Podrobno dokumentacijo vezano na vav\u010der pa je na voljo na tej<a href=\"https:\/\/podjetniskisklad.si\/sl\/produkti-sklada\/sps-dvojcekdpora-pri-produktih\/vavcerski-sistemi\/vavcer-za-dvig-digitalnih-kompetenc\" target=\"_blank\" rel=\"noreferrer noopener\">&nbsp;povezavi<\/a>.<\/strong><br>Slovenski podjetni\u0161ki sklad bo sofinanciral upravi\u010dene stro\u0161ke&nbsp;<strong>v vi\u0161ini najve\u010d 60 %<\/strong>, preostanek zagotavljajo upravi\u010denci, kar predstavlja slovensko udele\u017ebo oz. nacionalni prispevek.&nbsp;<strong>Kori\u0161\u010denje sredstev bo mo\u017eno v letih 2019-2023<\/strong>.&nbsp;Zadnji rok za oddajo zahtevkov za izpla\u010dilo sredstev v letu 2019 je 31. 10. 2019, v letu 2020 31. 10. 2020, v letu 2021 31. 10. 2021, v letu 2022 31. 10. 2022 in v letu 2023 30. 9. 2023. Ve\u010d informacij o vav\u010derju najdete na tej&nbsp;<a href=\"https:\/\/pro-bit.us4.list-manage.com\/track\/click?u=65ed3b5e0480c8a149d798608&amp;id=c720b8ed1b&amp;e=0ea55a65d1\" target=\"_blank\" rel=\"noreferrer noopener\">povezavi<\/a>.&nbsp;<\/p>\n\n\n\n<p><br>Za vsa dodatna vpra\u0161anja vezana pokli\u010dite na tel. \u0161tevilko 03 757 39 09 ali nam pi\u0161ite na&nbsp;<a href=\"mailto:prodaja@pro-bit.si?subject=Vav\u010der\" target=\"_blank\" rel=\"noreferrer noopener\">prodaja@pro-bit.si<\/a>.<br>Lepo pozdravljeni.\n\n<\/p>",
        "protected": false
    },
    "excerpt": {
        "rendered": "<p>Spo\u0161tovani. Slovenski podjetni\u0161ki sklad je objavil&nbsp;Vav\u010der za dvig digitalnih kompetenc, s katerim \u017eelijo&nbsp;spodbuditi mala in srednje velika podjetja&nbsp;k zagotovitvi ustreznih znanj zaposlenih in vodstvenega kadra za klju\u010dna podro\u010dja digitalizacije, s [&hellip;]<\/p>",
        "protected": false
    },
    "author": 1,
    "featured_media": 0,
    "comment_status": "open",
    "ping_status": "open",
    "sticky": false,
    "template": "",
    "format": "standard",
    "meta": {
        "inline_featured_image": false,
        "_price": "",
        "_stock": "",
        "_tribe_ticket_header": "",
        "_tribe_default_ticket_provider": "",
        "_tribe_ticket_capacity": "0",
        "_ticket_start_date": "",
        "_ticket_end_date": "",
        "_tribe_ticket_show_description": "",
        "_tribe_ticket_show_not_going": false,
        "_tribe_ticket_use_global_stock": "",
        "_tribe_ticket_global_stock_level": "",
        "_global_stock_mode": "",
        "_global_stock_cap": "",
        "_tribe_rsvp_for_event": "",
        "_tribe_ticket_going_count": "",
        "_tribe_ticket_not_going_count": "",
        "_tribe_tickets_list": "[]",
        "_tribe_ticket_has_attendee_info_fields": false,
        "_EventAllDay": false,
        "_EventTimezone": "",
        "_EventStartDate": "",
        "_EventEndDate": "",
        "_EventStartDateUTC": "",
        "_EventEndDateUTC": "",
        "_EventShowMap": false,
        "_EventShowMapLink": false,
        "_EventURL": "",
        "_EventCost": "",
        "_EventCostDescription": "",
        "_EventCurrencySymbol": "",
        "_EventCurrencyCode": "",
        "_EventCurrencyPosition": "",
        "_EventDateTimeSeparator": "",
        "_EventTimeRangeSeparator": "",
        "_EventOrganizerID": [],
        "_EventVenueID": [],
        "_OrganizerEmail": "",
        "_OrganizerPhone": "",
        "_OrganizerWebsite": "",
        "_VenueAddress": "",
        "_VenueCity": "",
        "_VenueCountry": "",
        "_VenueProvince": "",
        "_VenueState": "",
        "_VenueZip": "",
        "_VenuePhone": "",
        "_VenueURL": "",
        "_VenueStateProvince": "",
        "_VenueLat": "",
        "_VenueLng": "",
        "_VenueShowMap": false,
        "_VenueShowMapLink": false,
        "ocean_post_layout": "",
        "ocean_both_sidebars_style": "",
        "ocean_both_sidebars_content_width": 0,
        "ocean_both_sidebars_sidebars_width": 0,
        "ocean_sidebar": "",
        "ocean_second_sidebar": "",
        "ocean_disable_margins": "enable",
        "ocean_add_body_class": "",
        "ocean_shortcode_before_top_bar": "",
        "ocean_shortcode_after_top_bar": "",
        "ocean_shortcode_before_header": "",
        "ocean_shortcode_after_header": "",
        "ocean_has_shortcode": "",
        "ocean_shortcode_after_title": "",
        "ocean_shortcode_before_footer_widgets": "",
        "ocean_shortcode_after_footer_widgets": "",
        "ocean_shortcode_before_footer_bottom": "",
        "ocean_shortcode_after_footer_bottom": "",
        "ocean_display_top_bar": "default",
        "ocean_display_header": "default",
        "ocean_header_style": "",
        "ocean_center_header_left_menu": "",
        "ocean_custom_header_template": "",
        "ocean_custom_logo": 0,
        "ocean_custom_retina_logo": 0,
        "ocean_custom_logo_max_width": 0,
        "ocean_custom_logo_tablet_max_width": 0,
        "ocean_custom_logo_mobile_max_width": 0,
        "ocean_custom_logo_max_height": 0,
        "ocean_custom_logo_tablet_max_height": 0,
        "ocean_custom_logo_mobile_max_height": 0,
        "ocean_header_custom_menu": "",
        "ocean_menu_typo_font_family": "",
        "ocean_menu_typo_font_subset": "",
        "ocean_menu_typo_font_size": 0,
        "ocean_menu_typo_font_size_tablet": 0,
        "ocean_menu_typo_font_size_mobile": 0,
        "ocean_menu_typo_font_size_unit": "px",
        "ocean_menu_typo_font_weight": "",
        "ocean_menu_typo_font_weight_tablet": "",
        "ocean_menu_typo_font_weight_mobile": "",
        "ocean_menu_typo_transform": "",
        "ocean_menu_typo_transform_tablet": "",
        "ocean_menu_typo_transform_mobile": "",
        "ocean_menu_typo_line_height": 0,
        "ocean_menu_typo_line_height_tablet": 0,
        "ocean_menu_typo_line_height_mobile": 0,
        "ocean_menu_typo_line_height_unit": "",
        "ocean_menu_typo_spacing": 0,
        "ocean_menu_typo_spacing_tablet": 0,
        "ocean_menu_typo_spacing_mobile": 0,
        "ocean_menu_typo_spacing_unit": "",
        "ocean_menu_link_color": "",
        "ocean_menu_link_color_hover": "",
        "ocean_menu_link_color_active": "",
        "ocean_menu_link_background": "",
        "ocean_menu_link_hover_background": "",
        "ocean_menu_link_active_background": "",
        "ocean_menu_social_links_bg": "",
        "ocean_menu_social_hover_links_bg": "",
        "ocean_menu_social_links_color": "",
        "ocean_menu_social_hover_links_color": "",
        "ocean_disable_title": "default",
        "ocean_disable_heading": "default",
        "ocean_post_title": "",
        "ocean_post_subheading": "",
        "ocean_post_title_style": "",
        "ocean_post_title_background_color": "",
        "ocean_post_title_background": 0,
        "ocean_post_title_bg_image_position": "",
        "ocean_post_title_bg_image_attachment": "",
        "ocean_post_title_bg_image_repeat": "",
        "ocean_post_title_bg_image_size": "",
        "ocean_post_title_height": 0,
        "ocean_post_title_bg_overlay": 0.5,
        "ocean_post_title_bg_overlay_color": "",
        "ocean_disable_breadcrumbs": "default",
        "ocean_breadcrumbs_color": "",
        "ocean_breadcrumbs_separator_color": "",
        "ocean_breadcrumbs_links_color": "",
        "ocean_breadcrumbs_links_hover_color": "",
        "ocean_display_footer_widgets": "default",
        "ocean_display_footer_bottom": "default",
        "ocean_custom_footer_template": "",
        "_tribe_events_control_status": "",
        "_tribe_events_control_status_canceled_reason": "",
        "_tribe_events_control_status_postponed_reason": "",
        "_tribe_events_control_online": "",
        "_tribe_events_control_online_url": "",
        "ocean_post_oembed": "",
        "ocean_post_self_hosted_media": "",
        "ocean_post_video_embed": "",
        "ocean_link_format": "",
        "ocean_link_format_target": "self",
        "ocean_quote_format": "",
        "ocean_quote_format_link": "post",
        "ocean_gallery_link_images": "on",
        "ocean_gallery_id": [],
        "footnotes": ""
    },
    "categories": [
        1
    ],
    "tags": [],
    "yoast_head": "<!-- This site is optimized with the Yoast SEO plugin v22.8 - https:\/\/yoast.com\/wordpress\/plugins\/seo\/ -->\n<title>Tudi v letu 2020 se nadaljujejo prijave na vav\u010der za dvig digitalnih kompetenc - Pro-Bit Beograd d.o.o. - RE\u0160ENJA, KOJA RASTU SA VAMA<\/title>\n<meta name=\"robots\" content=\"index, follow, max-snippet:-1, max-image-preview:large, max-video-preview:-1\" \/>\n<link rel=\"canonical\" href=\"https:\/\/pro-bit.biz\/sl\/tudi-v-letu-2020-se-nadaljujejo-prijave-na-vavcer-za-dvig-digitalnih-kompetenc\/\" \/>\n<meta property=\"og:locale\" content=\"sl_SI\" \/>\n<meta property=\"og:type\" content=\"article\" \/>\n<meta property=\"og:title\" content=\"Tudi v letu 2020 se nadaljujejo prijave na vav\u010der za dvig digitalnih kompetenc - Pro-Bit Beograd d.o.o. - RE\u0160ENJA, KOJA RASTU SA VAMA\" \/>\n<meta property=\"og:description\" content=\"Spo\u0161tovani. Slovenski podjetni\u0161ki sklad je objavil&nbsp;Vav\u010der za dvig digitalnih kompetenc, s katerim \u017eelijo&nbsp;spodbuditi mala in srednje velika podjetja&nbsp;k zagotovitvi ustreznih znanj zaposlenih in vodstvenega kadra za klju\u010dna podro\u010dja digitalizacije, s [&hellip;]\" \/>\n<meta property=\"og:url\" content=\"https:\/\/pro-bit.biz\/sl\/tudi-v-letu-2020-se-nadaljujejo-prijave-na-vavcer-za-dvig-digitalnih-kompetenc\/\" \/>\n<meta property=\"og:site_name\" content=\"Pro-Bit Beograd d.o.o. - RE\u0160ENJA, KOJA RASTU SA VAMA\" \/>\n<meta property=\"article:publisher\" content=\"https:\/\/www.facebook.com\/Probit2020\/\" \/>\n<meta property=\"article:published_time\" content=\"2020-02-10T13:26:58+00:00\" \/>\n<meta name=\"author\" content=\"adminProbitBiz\" \/>\n<meta name=\"twitter:card\" content=\"summary_large_image\" \/>\n<meta name=\"twitter:label1\" content=\"Written by\" \/>\n\t<meta name=\"twitter:data1\" content=\"adminProbitBiz\" \/>\n\t<meta name=\"twitter:label2\" content=\"Est. reading time\" \/>\n\t<meta name=\"twitter:data2\" content=\"2 minuti\" \/>\n<script type=\"application\/ld+json\" class=\"yoast-schema-graph\">{\"@context\":\"https:\/\/schema.org\",\"@graph\":[{\"@type\":\"Article\",\"@id\":\"https:\/\/pro-bit.biz\/en\/tudi-v-letu-2020-se-nadaljujejo-prijave-na-vavcer-za-dvig-digitalnih-kompetenc\/#article\",\"isPartOf\":{\"@id\":\"https:\/\/pro-bit.biz\/en\/tudi-v-letu-2020-se-nadaljujejo-prijave-na-vavcer-za-dvig-digitalnih-kompetenc\/\"},\"author\":{\"name\":\"adminProbitBiz\",\"@id\":\"https:\/\/pro-bit.biz\/sr\/#\/schema\/person\/2bee56fc966b6ce8e570a107920d1594\"},\"headline\":\"Tudi v letu 2020 se nadaljujejo prijave na vav\u010der za dvig digitalnih kompetenc\",\"datePublished\":\"2020-02-10T13:26:58+00:00\",\"dateModified\":\"2020-02-10T13:26:58+00:00\",\"mainEntityOfPage\":{\"@id\":\"https:\/\/pro-bit.biz\/en\/tudi-v-letu-2020-se-nadaljujejo-prijave-na-vavcer-za-dvig-digitalnih-kompetenc\/\"},\"wordCount\":341,\"commentCount\":0,\"publisher\":{\"@id\":\"https:\/\/pro-bit.biz\/sr\/#organization\"},\"articleSection\":[\"Novice in obvestila\"],\"inLanguage\":\"sl-SI\",\"potentialAction\":[{\"@type\":\"CommentAction\",\"name\":\"Comment\",\"target\":[\"https:\/\/pro-bit.biz\/en\/tudi-v-letu-2020-se-nadaljujejo-prijave-na-vavcer-za-dvig-digitalnih-kompetenc\/#respond\"]}]},{\"@type\":\"WebPage\",\"@id\":\"https:\/\/pro-bit.biz\/en\/tudi-v-letu-2020-se-nadaljujejo-prijave-na-vavcer-za-dvig-digitalnih-kompetenc\/\",\"url\":\"https:\/\/pro-bit.biz\/en\/tudi-v-letu-2020-se-nadaljujejo-prijave-na-vavcer-za-dvig-digitalnih-kompetenc\/\",\"name\":\"Tudi v letu 2020 se nadaljujejo prijave na vav\u010der za dvig digitalnih kompetenc - Pro-Bit Beograd d.o.o. - RE\u0160ENJA, KOJA RASTU SA VAMA\",\"isPartOf\":{\"@id\":\"https:\/\/pro-bit.biz\/sr\/#website\"},\"datePublished\":\"2020-02-10T13:26:58+00:00\",\"dateModified\":\"2020-02-10T13:26:58+00:00\",\"breadcrumb\":{\"@id\":\"https:\/\/pro-bit.biz\/en\/tudi-v-letu-2020-se-nadaljujejo-prijave-na-vavcer-za-dvig-digitalnih-kompetenc\/#breadcrumb\"},\"inLanguage\":\"sl-SI\",\"potentialAction\":[{\"@type\":\"ReadAction\",\"target\":[\"https:\/\/pro-bit.biz\/en\/tudi-v-letu-2020-se-nadaljujejo-prijave-na-vavcer-za-dvig-digitalnih-kompetenc\/\"]}]},{\"@type\":\"BreadcrumbList\",\"@id\":\"https:\/\/pro-bit.biz\/en\/tudi-v-letu-2020-se-nadaljujejo-prijave-na-vavcer-za-dvig-digitalnih-kompetenc\/#breadcrumb\",\"itemListElement\":[{\"@type\":\"ListItem\",\"position\":1,\"name\":\"Home\",\"item\":\"https:\/\/pro-bit.biz\/\"},{\"@type\":\"ListItem\",\"position\":2,\"name\":\"Tudi v letu 2020 se nadaljujejo prijave na vav\u010der za dvig digitalnih kompetenc\"}]},{\"@type\":\"WebSite\",\"@id\":\"https:\/\/pro-bit.biz\/sr\/#website\",\"url\":\"https:\/\/pro-bit.biz\/sr\/\",\"name\":\"Pro-Bit\",\"description\":\"U preduze\u0107u Pro-bit Beograd d.o.o. bavimo se celovitim re\u0161enjima na polju informatike. Na\u0161a ponuda uklju\u010duje sve potrebno za izgradnju celovitih informacionih sistema.\",\"publisher\":{\"@id\":\"https:\/\/pro-bit.biz\/sr\/#organization\"},\"potentialAction\":[{\"@type\":\"SearchAction\",\"target\":{\"@type\":\"EntryPoint\",\"urlTemplate\":\"https:\/\/pro-bit.biz\/sr\/?s={search_term_string}\"},\"query-input\":\"required name=search_term_string\"}],\"inLanguage\":\"sl-SI\"},{\"@type\":\"Organization\",\"@id\":\"https:\/\/pro-bit.biz\/sr\/#organization\",\"name\":\"Pro-Bit\",\"url\":\"https:\/\/pro-bit.biz\/sr\/\",\"logo\":{\"@type\":\"ImageObject\",\"inLanguage\":\"sl-SI\",\"@id\":\"https:\/\/pro-bit.biz\/sr\/#\/schema\/logo\/image\/\",\"url\":\"https:\/\/dev.pro-bit.biz\/wp-content\/uploads\/2020\/05\/faviconpb2.png\",\"contentUrl\":\"https:\/\/dev.pro-bit.biz\/wp-content\/uploads\/2020\/05\/faviconpb2.png\",\"width\":512,\"height\":512,\"caption\":\"Pro-Bit\"},\"image\":{\"@id\":\"https:\/\/pro-bit.biz\/sr\/#\/schema\/logo\/image\/\"},\"sameAs\":[\"https:\/\/www.facebook.com\/Probit2020\/\",\"https:\/\/www.linkedin.com\/company\/pro-bit-programska-oprema-d-o-o-\/\"]},{\"@type\":\"Person\",\"@id\":\"https:\/\/pro-bit.biz\/sr\/#\/schema\/person\/2bee56fc966b6ce8e570a107920d1594\",\"name\":\"adminProbitBiz\",\"image\":{\"@type\":\"ImageObject\",\"inLanguage\":\"sl-SI\",\"@id\":\"https:\/\/pro-bit.biz\/sr\/#\/schema\/person\/image\/\",\"url\":\"https:\/\/secure.gravatar.com\/avatar\/f3246304def2508d4e66da3a7f9a4abb?s=96&d=mm&r=g\",\"contentUrl\":\"https:\/\/secure.gravatar.com\/avatar\/f3246304def2508d4e66da3a7f9a4abb?s=96&d=mm&r=g\",\"caption\":\"adminProbitBiz\"}}]}<\/script>\n<!-- \/ Yoast SEO plugin. -->",
    "yoast_head_json": {
        "title": "Tudi v letu 2020 se nadaljujejo prijave na vav\u010der za dvig digitalnih kompetenc - Pro-Bit Beograd d.o.o. - RE\u0160ENJA, KOJA RASTU SA VAMA",
        "robots": {
            "index": "index",
            "follow": "follow",
            "max-snippet": "max-snippet:-1",
            "max-image-preview": "max-image-preview:large",
            "max-video-preview": "max-video-preview:-1"
        },
        "canonical": "https:\/\/pro-bit.biz\/sl\/tudi-v-letu-2020-se-nadaljujejo-prijave-na-vavcer-za-dvig-digitalnih-kompetenc\/",
        "og_locale": "sl_SI",
        "og_type": "article",
        "og_title": "Tudi v letu 2020 se nadaljujejo prijave na vav\u010der za dvig digitalnih kompetenc - Pro-Bit Beograd d.o.o. - RE\u0160ENJA, KOJA RASTU SA VAMA",
        "og_description": "Spo\u0161tovani. Slovenski podjetni\u0161ki sklad je objavil&nbsp;Vav\u010der za dvig digitalnih kompetenc, s katerim \u017eelijo&nbsp;spodbuditi mala in srednje velika podjetja&nbsp;k zagotovitvi ustreznih znanj zaposlenih in vodstvenega kadra za klju\u010dna podro\u010dja digitalizacije, s [&hellip;]",
        "og_url": "https:\/\/pro-bit.biz\/sl\/tudi-v-letu-2020-se-nadaljujejo-prijave-na-vavcer-za-dvig-digitalnih-kompetenc\/",
        "og_site_name": "Pro-Bit Beograd d.o.o. - RE\u0160ENJA, KOJA RASTU SA VAMA",
        "article_publisher": "https:\/\/www.facebook.com\/Probit2020\/",
        "article_published_time": "2020-02-10T13:26:58+00:00",
        "author": "adminProbitBiz",
        "twitter_card": "summary_large_image",
        "twitter_misc": {
            "Written by": "adminProbitBiz",
            "Est. reading time": "2 minuti"
        },
        "schema": {
            "@context": "https:\/\/schema.org",
            "@graph": [
                {
                    "@type": "Article",
                    "@id": "https:\/\/pro-bit.biz\/en\/tudi-v-letu-2020-se-nadaljujejo-prijave-na-vavcer-za-dvig-digitalnih-kompetenc\/#article",
                    "isPartOf": {
                        "@id": "https:\/\/pro-bit.biz\/en\/tudi-v-letu-2020-se-nadaljujejo-prijave-na-vavcer-za-dvig-digitalnih-kompetenc\/"
                    },
                    "author": {
                        "name": "adminProbitBiz",
                        "@id": "https:\/\/pro-bit.biz\/sr\/#\/schema\/person\/2bee56fc966b6ce8e570a107920d1594"
                    },
                    "headline": "Tudi v letu 2020 se nadaljujejo prijave na vav\u010der za dvig digitalnih kompetenc",
                    "datePublished": "2020-02-10T13:26:58+00:00",
                    "dateModified": "2020-02-10T13:26:58+00:00",
                    "mainEntityOfPage": {
                        "@id": "https:\/\/pro-bit.biz\/en\/tudi-v-letu-2020-se-nadaljujejo-prijave-na-vavcer-za-dvig-digitalnih-kompetenc\/"
                    },
                    "wordCount": 341,
                    "commentCount": 0,
                    "publisher": {
                        "@id": "https:\/\/pro-bit.biz\/sr\/#organization"
                    },
                    "articleSection": [
                        "Novice in obvestila"
                    ],
                    "inLanguage": "sl-SI",
                    "potentialAction": [
                        {
                            "@type": "CommentAction",
                            "name": "Comment",
                            "target": [
                                "https:\/\/pro-bit.biz\/en\/tudi-v-letu-2020-se-nadaljujejo-prijave-na-vavcer-za-dvig-digitalnih-kompetenc\/#respond"
                            ]
                        }
                    ]
                },
                {
                    "@type": "WebPage",
                    "@id": "https:\/\/pro-bit.biz\/en\/tudi-v-letu-2020-se-nadaljujejo-prijave-na-vavcer-za-dvig-digitalnih-kompetenc\/",
                    "url": "https:\/\/pro-bit.biz\/en\/tudi-v-letu-2020-se-nadaljujejo-prijave-na-vavcer-za-dvig-digitalnih-kompetenc\/",
                    "name": "Tudi v letu 2020 se nadaljujejo prijave na vav\u010der za dvig digitalnih kompetenc - Pro-Bit Beograd d.o.o. - RE\u0160ENJA, KOJA RASTU SA VAMA",
                    "isPartOf": {
                        "@id": "https:\/\/pro-bit.biz\/sr\/#website"
                    },
                    "datePublished": "2020-02-10T13:26:58+00:00",
                    "dateModified": "2020-02-10T13:26:58+00:00",
                    "breadcrumb": {
                        "@id": "https:\/\/pro-bit.biz\/en\/tudi-v-letu-2020-se-nadaljujejo-prijave-na-vavcer-za-dvig-digitalnih-kompetenc\/#breadcrumb"
                    },
                    "inLanguage": "sl-SI",
                    "potentialAction": [
                        {
                            "@type": "ReadAction",
                            "target": [
                                "https:\/\/pro-bit.biz\/en\/tudi-v-letu-2020-se-nadaljujejo-prijave-na-vavcer-za-dvig-digitalnih-kompetenc\/"
                            ]
                        }
                    ]
                },
                {
                    "@type": "BreadcrumbList",
                    "@id": "https:\/\/pro-bit.biz\/en\/tudi-v-letu-2020-se-nadaljujejo-prijave-na-vavcer-za-dvig-digitalnih-kompetenc\/#breadcrumb",
                    "itemListElement": [
                        {
                            "@type": "ListItem",
                            "position": 1,
                            "name": "Home",
                            "item": "https:\/\/pro-bit.biz\/"
                        },
                        {
                            "@type": "ListItem",
                            "position": 2,
                            "name": "Tudi v letu 2020 se nadaljujejo prijave na vav\u010der za dvig digitalnih kompetenc"
                        }
                    ]
                },
                {
                    "@type": "WebSite",
                    "@id": "https:\/\/pro-bit.biz\/sr\/#website",
                    "url": "https:\/\/pro-bit.biz\/sr\/",
                    "name": "Pro-Bit",
                    "description": "U preduze\u0107u Pro-bit Beograd d.o.o. bavimo se celovitim re\u0161enjima na polju informatike. Na\u0161a ponuda uklju\u010duje sve potrebno za izgradnju celovitih informacionih sistema.",
                    "publisher": {
                        "@id": "https:\/\/pro-bit.biz\/sr\/#organization"
                    },
                    "potentialAction": [
                        {
                            "@type": "SearchAction",
                            "target": {
                                "@type": "EntryPoint",
                                "urlTemplate": "https:\/\/pro-bit.biz\/sr\/?s={search_term_string}"
                            },
                            "query-input": "required name=search_term_string"
                        }
                    ],
                    "inLanguage": "sl-SI"
                },
                {
                    "@type": "Organization",
                    "@id": "https:\/\/pro-bit.biz\/sr\/#organization",
                    "name": "Pro-Bit",
                    "url": "https:\/\/pro-bit.biz\/sr\/",
                    "logo": {
                        "@type": "ImageObject",
                        "inLanguage": "sl-SI",
                        "@id": "https:\/\/pro-bit.biz\/sr\/#\/schema\/logo\/image\/",
                        "url": "https:\/\/dev.pro-bit.biz\/wp-content\/uploads\/2020\/05\/faviconpb2.png",
                        "contentUrl": "https:\/\/dev.pro-bit.biz\/wp-content\/uploads\/2020\/05\/faviconpb2.png",
                        "width": 512,
                        "height": 512,
                        "caption": "Pro-Bit"
                    },
                    "image": {
                        "@id": "https:\/\/pro-bit.biz\/sr\/#\/schema\/logo\/image\/"
                    },
                    "sameAs": [
                        "https:\/\/www.facebook.com\/Probit2020\/",
                        "https:\/\/www.linkedin.com\/company\/pro-bit-programska-oprema-d-o-o-\/"
                    ]
                },
                {
                    "@type": "Person",
                    "@id": "https:\/\/pro-bit.biz\/sr\/#\/schema\/person\/2bee56fc966b6ce8e570a107920d1594",
                    "name": "adminProbitBiz",
                    "image": {
                        "@type": "ImageObject",
                        "inLanguage": "sl-SI",
                        "@id": "https:\/\/pro-bit.biz\/sr\/#\/schema\/person\/image\/",
                        "url": "https:\/\/secure.gravatar.com\/avatar\/f3246304def2508d4e66da3a7f9a4abb?s=96&d=mm&r=g",
                        "contentUrl": "https:\/\/secure.gravatar.com\/avatar\/f3246304def2508d4e66da3a7f9a4abb?s=96&d=mm&r=g",
                        "caption": "adminProbitBiz"
                    }
                }
            ]
        }
    },
    "ticketed": false,
    "_links": {
        "self": [
            {
                "href": "https:\/\/pro-bit.biz\/sl\/wp-json\/wp\/v2\/posts\/2721"
            }
        ],
        "collection": [
            {
                "href": "https:\/\/pro-bit.biz\/sl\/wp-json\/wp\/v2\/posts"
            }
        ],
        "about": [
            {
                "href": "https:\/\/pro-bit.biz\/sl\/wp-json\/wp\/v2\/types\/post"
            }
        ],
        "author": [
            {
                "embeddable": true,
                "href": "https:\/\/pro-bit.biz\/sl\/wp-json\/wp\/v2\/users\/1"
            }
        ],
        "replies": [
            {
                "embeddable": true,
                "href": "https:\/\/pro-bit.biz\/sl\/wp-json\/wp\/v2\/comments?post=2721"
            }
        ],
        "version-history": [
            {
                "count": 0,
                "href": "https:\/\/pro-bit.biz\/sl\/wp-json\/wp\/v2\/posts\/2721\/revisions"
            }
        ],
        "wp:attachment": [
            {
                "href": "https:\/\/pro-bit.biz\/sl\/wp-json\/wp\/v2\/media?parent=2721"
            }
        ],
        "wp:term": [
            {
                "taxonomy": "category",
                "embeddable": true,
                "href": "https:\/\/pro-bit.biz\/sl\/wp-json\/wp\/v2\/categories?post=2721"
            },
            {
                "taxonomy": "post_tag",
                "embeddable": true,
                "href": "https:\/\/pro-bit.biz\/sl\/wp-json\/wp\/v2\/tags?post=2721"
            }
        ],
        "curies": [
            {
                "name": "wp",
                "href": "https:\/\/api.w.org\/{rel}",
                "templated": true
            }
        ]
    }
}