{
    "id": 4948,
    "date": "2020-10-23T14:13:41",
    "date_gmt": "2020-10-23T12:13:41",
    "guid": {
        "rendered": "https:\/\/pro-bit.si\/?p=4948"
    },
    "modified": "2020-10-23T14:17:31",
    "modified_gmt": "2020-10-23T12:17:31",
    "slug": "pro-bit-obvestilo-pojasnilo-pri-evidentiranju-mp-po-1-6-2020",
    "status": "publish",
    "type": "post",
    "link": "https:\/\/pro-bit.biz\/sl\/pro-bit-obvestilo-pojasnilo-pri-evidentiranju-mp-po-1-6-2020\/",
    "title": {
        "rendered": "Pro-bit obvestilo: Pojasnilo pri evidentiranju MP po 1.6.2020"
    },
    "content": {
        "rendered": "<div data-elementor-type=\"wp-post\" data-elementor-id=\"4948\" class=\"elementor elementor-4948\">\n\t\t\t\t\t\t<section class=\"elementor-section elementor-top-section elementor-element elementor-element-ec8941d elementor-section-boxed elementor-section-height-default elementor-section-height-default\" data-id=\"ec8941d\" data-element_type=\"section\">\n\t\t\t\t\t\t<div class=\"elementor-container elementor-column-gap-default\">\n\t\t\t\t\t<div class=\"elementor-column elementor-col-100 elementor-top-column elementor-element elementor-element-1884c2f\" data-id=\"1884c2f\" data-element_type=\"column\">\n\t\t\t<div class=\"elementor-widget-wrap elementor-element-populated\">\n\t\t\t\t\t\t<div class=\"elementor-element elementor-element-6edf2f3 elementor-widget elementor-widget-text-editor\" data-id=\"6edf2f3\" data-element_type=\"widget\" data-widget_type=\"text-editor.default\">\n\t\t\t\t<div class=\"elementor-widget-container\">\n\t\t\t\t\t\t\t<h2 style=\"text-align: center;\">Spo\u0161tovani uporabniki programa Pro.3\u00a0Domovi starej\u0161ih<\/h2><p>V sredo 21.10. 2020 smo prejeli okro\u017enico \u27a1\ufe0f \u00a0<a href=\"https:\/\/www.zzzs.si\/egradivap\/84300A849C245320C1258608003E356C\" target=\"_blank\" rel=\"noopener\">Okro\u017enica ZAE 13\/20: Dopolnitve \u0161ifrantov za obra\u010dun zdravstvenih storitev.<\/a><\/p><p>V omenjeni okro\u017enici je to\u010dka 3. Cepljenje proti gripi povezana tudi s socialno varstvenimi zavodi, v kolikor bo zavod v svojem imenu naro\u010dil cepivo.<\/p><p>Posebej izpostavljamo, da v zdravstveno kartoteko online sistema mi ob izvedbi cepljenja, cepljenje ne vpi\u0161emo, temve\u010d samo fakturiramo storitev na ZZZS.<\/p><p>Glede pravice obra\u010dunavanja, prosim preverite na enoti ZZZS ali je le-to za vas dovoljeno, da ne bi pri\u0161lo do zara\u010dunavanja s strani ambulante domskega zdravnika in va\u0161ega zavoda.<\/p><p>Danes ste tako socialnovarstveni zavodi prejeli novi cenik za obra\u010dunavanje zdravstvenih storitev, kjer je vklju\u010dena <strong>storitev E0752.<\/strong><\/p>\t\t\t\t\t\t<\/div>\n\t\t\t\t<\/div>\n\t\t\t\t\t<\/div>\n\t\t<\/div>\n\t\t\t\t\t<\/div>\n\t\t<\/section>\n\t\t\t\t<section class=\"elementor-section elementor-top-section elementor-element elementor-element-1f1becd elementor-section-boxed elementor-section-height-default elementor-section-height-default\" data-id=\"1f1becd\" data-element_type=\"section\">\n\t\t\t\t\t\t<div class=\"elementor-container elementor-column-gap-default\">\n\t\t\t\t\t<div class=\"elementor-column elementor-col-100 elementor-top-column elementor-element elementor-element-77abaa0\" data-id=\"77abaa0\" data-element_type=\"column\">\n\t\t\t<div class=\"elementor-widget-wrap elementor-element-populated\">\n\t\t\t\t\t\t<div class=\"elementor-element elementor-element-60a24a1 elementor-widget elementor-widget-image\" data-id=\"60a24a1\" data-element_type=\"widget\" data-widget_type=\"image.default\">\n\t\t\t\t<div class=\"elementor-widget-container\">\n\t\t\t\t\t\t\t\t\t\t\t\t\t<img decoding=\"async\" width=\"743\" height=\"48\" data-src=\"https:\/\/pro-bit.biz\/wp-content\/uploads\/2020\/10\/okroznica_povracilo-proracun-RS.png\" class=\"attachment-large size-large wp-image-4949 lazyload\" alt=\"\" data-srcset=\"https:\/\/pro-bit.biz\/wp-content\/uploads\/2020\/10\/okroznica_povracilo-proracun-RS.png 743w, https:\/\/pro-bit.biz\/wp-content\/uploads\/2020\/10\/okroznica_povracilo-proracun-RS-300x19.png 300w\" data-sizes=\"(max-width: 743px) 100vw, 743px\" src=\"data:image\/gif;base64,R0lGODlhAQABAAAAACH5BAEKAAEALAAAAAABAAEAAAICTAEAOw==\" style=\"--smush-placeholder-width: 743px; --smush-placeholder-aspect-ratio: 743\/48;\" \/><noscript><img decoding=\"async\" width=\"743\" height=\"48\" src=\"https:\/\/pro-bit.biz\/wp-content\/uploads\/2020\/10\/okroznica_povracilo-proracun-RS.png\" class=\"attachment-large size-large wp-image-4949\" alt=\"\" srcset=\"https:\/\/pro-bit.biz\/wp-content\/uploads\/2020\/10\/okroznica_povracilo-proracun-RS.png 743w, https:\/\/pro-bit.biz\/wp-content\/uploads\/2020\/10\/okroznica_povracilo-proracun-RS-300x19.png 300w\" sizes=\"(max-width: 743px) 100vw, 743px\" \/><\/noscript>\t\t\t\t\t\t\t\t\t\t\t\t\t<\/div>\n\t\t\t\t<\/div>\n\t\t\t\t\t<\/div>\n\t\t<\/div>\n\t\t\t\t\t<\/div>\n\t\t<\/section>\n\t\t\t\t<section class=\"elementor-section elementor-top-section elementor-element elementor-element-b01ceb4 elementor-section-boxed elementor-section-height-default elementor-section-height-default\" data-id=\"b01ceb4\" data-element_type=\"section\">\n\t\t\t\t\t\t<div class=\"elementor-container elementor-column-gap-default\">\n\t\t\t\t\t<div class=\"elementor-column elementor-col-100 elementor-top-column elementor-element elementor-element-7d83675\" data-id=\"7d83675\" data-element_type=\"column\">\n\t\t\t<div class=\"elementor-widget-wrap elementor-element-populated\">\n\t\t\t\t\t\t<div class=\"elementor-element elementor-element-1e4b59a elementor-widget elementor-widget-text-editor\" data-id=\"1e4b59a\" data-element_type=\"widget\" data-widget_type=\"text-editor.default\">\n\t\t\t\t<div class=\"elementor-widget-container\">\n\t\t\t\t\t\t\t<p>V okro\u017enici se navaja, da se mora storitev cepljenja zara\u010dunavati samostojno, torej na posebni fakturi, kar pomeni, da \u00a0v kolikor boste obra\u010dunavali izvedeno storitev ZZZS-ju, je potrebno fakturo pripraviti ro\u010dno na Obra\u010dunu Zdravstva pod gumb \u00bbBremepis Zdravstva\u00ab, kjer je vrsta dokumenta 1.<\/p><p>Storitev cepljenja se tako samodejno ne prenese iz \u0161ifranta storitev (berite iz vnosa na raportni knjigi ob generiranju zdravstvene nege). Va\u0161a naloga je da cepljenje evidentirate kot samostojno storitev, katera ni vezana na obra\u010dun va\u0161e zdravstvene dejavnosti. Evidentirana storitev vam bo v nadaljevanju samo v pomo\u010d, da se izstavi lo\u010dena\/samostojna faktura za ZZZS.<\/p><p>Po izvedenih preverjanjih v socialnovarstvenih zavodih smo do sedaj prejeli informacijo, da bo storitve cepljenja izvajala domska ambulanta v imenu zdravnika in slednje funkcionalnosti ne potrebujejo.<\/p><p>V kolikor bo kdo izmed vas \u017eelel obra\u010dunavati storitev, nas obvestite, da vam vklju\u010dimo na obra\u010dun zdravstva storitev E0752 v prihodnjem tednu, v nadaljevanju pa bo omenjena storitev vklju\u010dena z naslednjo nadgradnjo Pro.3 Domovi za vse izvajalce.<\/p><p>V primeru dodatnih\u00a0vpra\u0161anj smo dosegljivi na e-mail:\u00a0<a href=\"mailto:podpora@pro-bit.si\">podpora@pro-bit.si.<\/a><\/p><p>Lep pozdrav, Ekipa Pro-bit<\/p><p>\u00a0<\/p>\t\t\t\t\t\t<\/div>\n\t\t\t\t<\/div>\n\t\t\t\t\t<\/div>\n\t\t<\/div>\n\t\t\t\t\t<\/div>\n\t\t<\/section>\n\t\t\t\t<\/div>",
        "protected": false
    },
    "excerpt": {
        "rendered": "<p>Spo\u0161tovani uporabniki programa Pro.3\u00a0Domovi starej\u0161ih V sredo 21.10. 2020 smo prejeli okro\u017enico \u27a1\ufe0f \u00a0Okro\u017enica ZAE 13\/20: Dopolnitve \u0161ifrantov za obra\u010dun zdravstvenih storitev. V omenjeni okro\u017enici je to\u010dka 3. Cepljenje proti [&hellip;]<\/p>",
        "protected": false
    },
    "author": 1,
    "featured_media": 0,
    "comment_status": "open",
    "ping_status": "open",
    "sticky": false,
    "template": "",
    "format": "standard",
    "meta": {
        "inline_featured_image": false,
        "_price": "",
        "_stock": "",
        "_tribe_ticket_header": "",
        "_tribe_default_ticket_provider": "",
        "_tribe_ticket_capacity": "0",
        "_ticket_start_date": "",
        "_ticket_end_date": "",
        "_tribe_ticket_show_description": "",
        "_tribe_ticket_show_not_going": false,
        "_tribe_ticket_use_global_stock": "",
        "_tribe_ticket_global_stock_level": "",
        "_global_stock_mode": "",
        "_global_stock_cap": "",
        "_tribe_rsvp_for_event": "",
        "_tribe_ticket_going_count": "",
        "_tribe_ticket_not_going_count": "",
        "_tribe_tickets_list": "[]",
        "_tribe_ticket_has_attendee_info_fields": false,
        "_EventAllDay": false,
        "_EventTimezone": "",
        "_EventStartDate": "",
        "_EventEndDate": "",
        "_EventStartDateUTC": "",
        "_EventEndDateUTC": "",
        "_EventShowMap": false,
        "_EventShowMapLink": false,
        "_EventURL": "",
        "_EventCost": "",
        "_EventCostDescription": "",
        "_EventCurrencySymbol": "",
        "_EventCurrencyCode": "",
        "_EventCurrencyPosition": "",
        "_EventDateTimeSeparator": "",
        "_EventTimeRangeSeparator": "",
        "_EventOrganizerID": [],
        "_EventVenueID": [],
        "_OrganizerEmail": "",
        "_OrganizerPhone": "",
        "_OrganizerWebsite": "",
        "_VenueAddress": "",
        "_VenueCity": "",
        "_VenueCountry": "",
        "_VenueProvince": "",
        "_VenueState": "",
        "_VenueZip": "",
        "_VenuePhone": "",
        "_VenueURL": "",
        "_VenueStateProvince": "",
        "_VenueLat": "",
        "_VenueLng": "",
        "_VenueShowMap": false,
        "_VenueShowMapLink": false,
        "ocean_post_layout": "",
        "ocean_both_sidebars_style": "",
        "ocean_both_sidebars_content_width": 0,
        "ocean_both_sidebars_sidebars_width": 0,
        "ocean_sidebar": "",
        "ocean_second_sidebar": "",
        "ocean_disable_margins": "enable",
        "ocean_add_body_class": "",
        "ocean_shortcode_before_top_bar": "",
        "ocean_shortcode_after_top_bar": "",
        "ocean_shortcode_before_header": "",
        "ocean_shortcode_after_header": "",
        "ocean_has_shortcode": "",
        "ocean_shortcode_after_title": "",
        "ocean_shortcode_before_footer_widgets": "",
        "ocean_shortcode_after_footer_widgets": "",
        "ocean_shortcode_before_footer_bottom": "",
        "ocean_shortcode_after_footer_bottom": "",
        "ocean_display_top_bar": "default",
        "ocean_display_header": "default",
        "ocean_header_style": "",
        "ocean_center_header_left_menu": "",
        "ocean_custom_header_template": "",
        "ocean_custom_logo": 0,
        "ocean_custom_retina_logo": 0,
        "ocean_custom_logo_max_width": 0,
        "ocean_custom_logo_tablet_max_width": 0,
        "ocean_custom_logo_mobile_max_width": 0,
        "ocean_custom_logo_max_height": 0,
        "ocean_custom_logo_tablet_max_height": 0,
        "ocean_custom_logo_mobile_max_height": 0,
        "ocean_header_custom_menu": "",
        "ocean_menu_typo_font_family": "",
        "ocean_menu_typo_font_subset": "",
        "ocean_menu_typo_font_size": 0,
        "ocean_menu_typo_font_size_tablet": 0,
        "ocean_menu_typo_font_size_mobile": 0,
        "ocean_menu_typo_font_size_unit": "px",
        "ocean_menu_typo_font_weight": "",
        "ocean_menu_typo_font_weight_tablet": "",
        "ocean_menu_typo_font_weight_mobile": "",
        "ocean_menu_typo_transform": "",
        "ocean_menu_typo_transform_tablet": "",
        "ocean_menu_typo_transform_mobile": "",
        "ocean_menu_typo_line_height": 0,
        "ocean_menu_typo_line_height_tablet": 0,
        "ocean_menu_typo_line_height_mobile": 0,
        "ocean_menu_typo_line_height_unit": "",
        "ocean_menu_typo_spacing": 0,
        "ocean_menu_typo_spacing_tablet": 0,
        "ocean_menu_typo_spacing_mobile": 0,
        "ocean_menu_typo_spacing_unit": "",
        "ocean_menu_link_color": "",
        "ocean_menu_link_color_hover": "",
        "ocean_menu_link_color_active": "",
        "ocean_menu_link_background": "",
        "ocean_menu_link_hover_background": "",
        "ocean_menu_link_active_background": "",
        "ocean_menu_social_links_bg": "",
        "ocean_menu_social_hover_links_bg": "",
        "ocean_menu_social_links_color": "",
        "ocean_menu_social_hover_links_color": "",
        "ocean_disable_title": "default",
        "ocean_disable_heading": "default",
        "ocean_post_title": "",
        "ocean_post_subheading": "",
        "ocean_post_title_style": "",
        "ocean_post_title_background_color": "",
        "ocean_post_title_background": 0,
        "ocean_post_title_bg_image_position": "",
        "ocean_post_title_bg_image_attachment": "",
        "ocean_post_title_bg_image_repeat": "",
        "ocean_post_title_bg_image_size": "",
        "ocean_post_title_height": 0,
        "ocean_post_title_bg_overlay": 0.5,
        "ocean_post_title_bg_overlay_color": "",
        "ocean_disable_breadcrumbs": "default",
        "ocean_breadcrumbs_color": "",
        "ocean_breadcrumbs_separator_color": "",
        "ocean_breadcrumbs_links_color": "",
        "ocean_breadcrumbs_links_hover_color": "",
        "ocean_display_footer_widgets": "default",
        "ocean_display_footer_bottom": "default",
        "ocean_custom_footer_template": "",
        "_tribe_events_control_status": "",
        "_tribe_events_control_status_canceled_reason": "",
        "_tribe_events_control_status_postponed_reason": "",
        "_tribe_events_control_online": "",
        "_tribe_events_control_online_url": "",
        "ocean_post_oembed": "",
        "ocean_post_self_hosted_media": "",
        "ocean_post_video_embed": "",
        "ocean_link_format": "",
        "ocean_link_format_target": "self",
        "ocean_quote_format": "",
        "ocean_quote_format_link": "post",
        "ocean_gallery_link_images": "on",
        "ocean_gallery_id": [],
        "footnotes": ""
    },
    "categories": [
        1
    ],
    "tags": [],
    "yoast_head": "<!-- This site is optimized with the Yoast SEO plugin v22.8 - https:\/\/yoast.com\/wordpress\/plugins\/seo\/ -->\n<title>Pro-bit obvestilo: Pojasnilo pri evidentiranju MP po 1.6.2020 - Pro-Bit Beograd d.o.o. - RE\u0160ENJA, KOJA RASTU SA VAMA<\/title>\n<meta name=\"robots\" content=\"index, follow, max-snippet:-1, max-image-preview:large, max-video-preview:-1\" \/>\n<link rel=\"canonical\" href=\"https:\/\/pro-bit.biz\/sl\/pro-bit-obvestilo-pojasnilo-pri-evidentiranju-mp-po-1-6-2020\/\" \/>\n<meta property=\"og:locale\" content=\"sl_SI\" \/>\n<meta property=\"og:type\" content=\"article\" \/>\n<meta property=\"og:title\" content=\"Pro-bit obvestilo: Pojasnilo pri evidentiranju MP po 1.6.2020 - Pro-Bit Beograd d.o.o. - RE\u0160ENJA, KOJA RASTU SA VAMA\" \/>\n<meta property=\"og:description\" content=\"Spo\u0161tovani uporabniki programa Pro.3\u00a0Domovi starej\u0161ih V sredo 21.10. 2020 smo prejeli okro\u017enico \u27a1\ufe0f \u00a0Okro\u017enica ZAE 13\/20: Dopolnitve \u0161ifrantov za obra\u010dun zdravstvenih storitev. V omenjeni okro\u017enici je to\u010dka 3. Cepljenje proti [&hellip;]\" \/>\n<meta property=\"og:url\" content=\"https:\/\/pro-bit.biz\/sl\/pro-bit-obvestilo-pojasnilo-pri-evidentiranju-mp-po-1-6-2020\/\" \/>\n<meta property=\"og:site_name\" content=\"Pro-Bit Beograd d.o.o. - RE\u0160ENJA, KOJA RASTU SA VAMA\" \/>\n<meta property=\"article:publisher\" content=\"https:\/\/www.facebook.com\/Probit2020\/\" \/>\n<meta property=\"article:published_time\" content=\"2020-10-23T12:13:41+00:00\" \/>\n<meta property=\"article:modified_time\" content=\"2020-10-23T12:17:31+00:00\" \/>\n<meta property=\"og:image\" content=\"https:\/\/pro-bit.biz\/\/wp-content\/uploads\/2020\/10\/okroznica_povracilo-proracun-RS.png\" \/>\n<meta name=\"author\" content=\"adminProbitBiz\" \/>\n<meta name=\"twitter:card\" content=\"summary_large_image\" \/>\n<meta name=\"twitter:label1\" content=\"Written by\" \/>\n\t<meta name=\"twitter:data1\" content=\"adminProbitBiz\" \/>\n\t<meta name=\"twitter:label2\" content=\"Est. reading time\" \/>\n\t<meta name=\"twitter:data2\" content=\"2 minuti\" \/>\n<script type=\"application\/ld+json\" class=\"yoast-schema-graph\">{\"@context\":\"https:\/\/schema.org\",\"@graph\":[{\"@type\":\"Article\",\"@id\":\"https:\/\/pro-bit.biz\/en\/pro-bit-obvestilo-pojasnilo-pri-evidentiranju-mp-po-1-6-2020\/#article\",\"isPartOf\":{\"@id\":\"https:\/\/pro-bit.biz\/en\/pro-bit-obvestilo-pojasnilo-pri-evidentiranju-mp-po-1-6-2020\/\"},\"author\":{\"name\":\"adminProbitBiz\",\"@id\":\"https:\/\/pro-bit.biz\/sr\/#\/schema\/person\/2bee56fc966b6ce8e570a107920d1594\"},\"headline\":\"Pro-bit obvestilo: Pojasnilo pri evidentiranju MP po 1.6.2020\",\"datePublished\":\"2020-10-23T12:13:41+00:00\",\"dateModified\":\"2020-10-23T12:17:31+00:00\",\"mainEntityOfPage\":{\"@id\":\"https:\/\/pro-bit.biz\/en\/pro-bit-obvestilo-pojasnilo-pri-evidentiranju-mp-po-1-6-2020\/\"},\"wordCount\":317,\"commentCount\":0,\"publisher\":{\"@id\":\"https:\/\/pro-bit.biz\/sr\/#organization\"},\"image\":{\"@id\":\"https:\/\/pro-bit.biz\/en\/pro-bit-obvestilo-pojasnilo-pri-evidentiranju-mp-po-1-6-2020\/#primaryimage\"},\"thumbnailUrl\":\"https:\/\/pro-bit.biz\/\/wp-content\/uploads\/2020\/10\/okroznica_povracilo-proracun-RS.png\",\"articleSection\":[\"Novice in obvestila\"],\"inLanguage\":\"sl-SI\",\"potentialAction\":[{\"@type\":\"CommentAction\",\"name\":\"Comment\",\"target\":[\"https:\/\/pro-bit.biz\/en\/pro-bit-obvestilo-pojasnilo-pri-evidentiranju-mp-po-1-6-2020\/#respond\"]}]},{\"@type\":\"WebPage\",\"@id\":\"https:\/\/pro-bit.biz\/en\/pro-bit-obvestilo-pojasnilo-pri-evidentiranju-mp-po-1-6-2020\/\",\"url\":\"https:\/\/pro-bit.biz\/en\/pro-bit-obvestilo-pojasnilo-pri-evidentiranju-mp-po-1-6-2020\/\",\"name\":\"Pro-bit obvestilo: Pojasnilo pri evidentiranju MP po 1.6.2020 - Pro-Bit Beograd d.o.o. - RE\u0160ENJA, KOJA RASTU SA VAMA\",\"isPartOf\":{\"@id\":\"https:\/\/pro-bit.biz\/sr\/#website\"},\"primaryImageOfPage\":{\"@id\":\"https:\/\/pro-bit.biz\/en\/pro-bit-obvestilo-pojasnilo-pri-evidentiranju-mp-po-1-6-2020\/#primaryimage\"},\"image\":{\"@id\":\"https:\/\/pro-bit.biz\/en\/pro-bit-obvestilo-pojasnilo-pri-evidentiranju-mp-po-1-6-2020\/#primaryimage\"},\"thumbnailUrl\":\"https:\/\/pro-bit.biz\/\/wp-content\/uploads\/2020\/10\/okroznica_povracilo-proracun-RS.png\",\"datePublished\":\"2020-10-23T12:13:41+00:00\",\"dateModified\":\"2020-10-23T12:17:31+00:00\",\"breadcrumb\":{\"@id\":\"https:\/\/pro-bit.biz\/en\/pro-bit-obvestilo-pojasnilo-pri-evidentiranju-mp-po-1-6-2020\/#breadcrumb\"},\"inLanguage\":\"sl-SI\",\"potentialAction\":[{\"@type\":\"ReadAction\",\"target\":[\"https:\/\/pro-bit.biz\/en\/pro-bit-obvestilo-pojasnilo-pri-evidentiranju-mp-po-1-6-2020\/\"]}]},{\"@type\":\"ImageObject\",\"inLanguage\":\"sl-SI\",\"@id\":\"https:\/\/pro-bit.biz\/en\/pro-bit-obvestilo-pojasnilo-pri-evidentiranju-mp-po-1-6-2020\/#primaryimage\",\"url\":\"https:\/\/pro-bit.biz\/\/wp-content\/uploads\/2020\/10\/okroznica_povracilo-proracun-RS.png\",\"contentUrl\":\"https:\/\/pro-bit.biz\/\/wp-content\/uploads\/2020\/10\/okroznica_povracilo-proracun-RS.png\"},{\"@type\":\"BreadcrumbList\",\"@id\":\"https:\/\/pro-bit.biz\/en\/pro-bit-obvestilo-pojasnilo-pri-evidentiranju-mp-po-1-6-2020\/#breadcrumb\",\"itemListElement\":[{\"@type\":\"ListItem\",\"position\":1,\"name\":\"Home\",\"item\":\"https:\/\/pro-bit.biz\/\"},{\"@type\":\"ListItem\",\"position\":2,\"name\":\"Pro-bit obvestilo: Pojasnilo pri evidentiranju MP po 1.6.2020\"}]},{\"@type\":\"WebSite\",\"@id\":\"https:\/\/pro-bit.biz\/sr\/#website\",\"url\":\"https:\/\/pro-bit.biz\/sr\/\",\"name\":\"Pro-Bit\",\"description\":\"U preduze\u0107u Pro-bit Beograd d.o.o. bavimo se celovitim re\u0161enjima na polju informatike. Na\u0161a ponuda uklju\u010duje sve potrebno za izgradnju celovitih informacionih sistema.\",\"publisher\":{\"@id\":\"https:\/\/pro-bit.biz\/sr\/#organization\"},\"potentialAction\":[{\"@type\":\"SearchAction\",\"target\":{\"@type\":\"EntryPoint\",\"urlTemplate\":\"https:\/\/pro-bit.biz\/sr\/?s={search_term_string}\"},\"query-input\":\"required name=search_term_string\"}],\"inLanguage\":\"sl-SI\"},{\"@type\":\"Organization\",\"@id\":\"https:\/\/pro-bit.biz\/sr\/#organization\",\"name\":\"Pro-Bit\",\"url\":\"https:\/\/pro-bit.biz\/sr\/\",\"logo\":{\"@type\":\"ImageObject\",\"inLanguage\":\"sl-SI\",\"@id\":\"https:\/\/pro-bit.biz\/sr\/#\/schema\/logo\/image\/\",\"url\":\"https:\/\/dev.pro-bit.biz\/wp-content\/uploads\/2020\/05\/faviconpb2.png\",\"contentUrl\":\"https:\/\/dev.pro-bit.biz\/wp-content\/uploads\/2020\/05\/faviconpb2.png\",\"width\":512,\"height\":512,\"caption\":\"Pro-Bit\"},\"image\":{\"@id\":\"https:\/\/pro-bit.biz\/sr\/#\/schema\/logo\/image\/\"},\"sameAs\":[\"https:\/\/www.facebook.com\/Probit2020\/\",\"https:\/\/www.linkedin.com\/company\/pro-bit-programska-oprema-d-o-o-\/\"]},{\"@type\":\"Person\",\"@id\":\"https:\/\/pro-bit.biz\/sr\/#\/schema\/person\/2bee56fc966b6ce8e570a107920d1594\",\"name\":\"adminProbitBiz\",\"image\":{\"@type\":\"ImageObject\",\"inLanguage\":\"sl-SI\",\"@id\":\"https:\/\/pro-bit.biz\/sr\/#\/schema\/person\/image\/\",\"url\":\"https:\/\/secure.gravatar.com\/avatar\/f3246304def2508d4e66da3a7f9a4abb?s=96&d=mm&r=g\",\"contentUrl\":\"https:\/\/secure.gravatar.com\/avatar\/f3246304def2508d4e66da3a7f9a4abb?s=96&d=mm&r=g\",\"caption\":\"adminProbitBiz\"}}]}<\/script>\n<!-- \/ Yoast SEO plugin. -->",
    "yoast_head_json": {
        "title": "Pro-bit obvestilo: Pojasnilo pri evidentiranju MP po 1.6.2020 - Pro-Bit Beograd d.o.o. - RE\u0160ENJA, KOJA RASTU SA VAMA",
        "robots": {
            "index": "index",
            "follow": "follow",
            "max-snippet": "max-snippet:-1",
            "max-image-preview": "max-image-preview:large",
            "max-video-preview": "max-video-preview:-1"
        },
        "canonical": "https:\/\/pro-bit.biz\/sl\/pro-bit-obvestilo-pojasnilo-pri-evidentiranju-mp-po-1-6-2020\/",
        "og_locale": "sl_SI",
        "og_type": "article",
        "og_title": "Pro-bit obvestilo: Pojasnilo pri evidentiranju MP po 1.6.2020 - Pro-Bit Beograd d.o.o. - RE\u0160ENJA, KOJA RASTU SA VAMA",
        "og_description": "Spo\u0161tovani uporabniki programa Pro.3\u00a0Domovi starej\u0161ih V sredo 21.10. 2020 smo prejeli okro\u017enico \u27a1\ufe0f \u00a0Okro\u017enica ZAE 13\/20: Dopolnitve \u0161ifrantov za obra\u010dun zdravstvenih storitev. V omenjeni okro\u017enici je to\u010dka 3. Cepljenje proti [&hellip;]",
        "og_url": "https:\/\/pro-bit.biz\/sl\/pro-bit-obvestilo-pojasnilo-pri-evidentiranju-mp-po-1-6-2020\/",
        "og_site_name": "Pro-Bit Beograd d.o.o. - RE\u0160ENJA, KOJA RASTU SA VAMA",
        "article_publisher": "https:\/\/www.facebook.com\/Probit2020\/",
        "article_published_time": "2020-10-23T12:13:41+00:00",
        "article_modified_time": "2020-10-23T12:17:31+00:00",
        "og_image": [
            {
                "url": "https:\/\/pro-bit.biz\/\/wp-content\/uploads\/2020\/10\/okroznica_povracilo-proracun-RS.png"
            }
        ],
        "author": "adminProbitBiz",
        "twitter_card": "summary_large_image",
        "twitter_misc": {
            "Written by": "adminProbitBiz",
            "Est. reading time": "2 minuti"
        },
        "schema": {
            "@context": "https:\/\/schema.org",
            "@graph": [
                {
                    "@type": "Article",
                    "@id": "https:\/\/pro-bit.biz\/en\/pro-bit-obvestilo-pojasnilo-pri-evidentiranju-mp-po-1-6-2020\/#article",
                    "isPartOf": {
                        "@id": "https:\/\/pro-bit.biz\/en\/pro-bit-obvestilo-pojasnilo-pri-evidentiranju-mp-po-1-6-2020\/"
                    },
                    "author": {
                        "name": "adminProbitBiz",
                        "@id": "https:\/\/pro-bit.biz\/sr\/#\/schema\/person\/2bee56fc966b6ce8e570a107920d1594"
                    },
                    "headline": "Pro-bit obvestilo: Pojasnilo pri evidentiranju MP po 1.6.2020",
                    "datePublished": "2020-10-23T12:13:41+00:00",
                    "dateModified": "2020-10-23T12:17:31+00:00",
                    "mainEntityOfPage": {
                        "@id": "https:\/\/pro-bit.biz\/en\/pro-bit-obvestilo-pojasnilo-pri-evidentiranju-mp-po-1-6-2020\/"
                    },
                    "wordCount": 317,
                    "commentCount": 0,
                    "publisher": {
                        "@id": "https:\/\/pro-bit.biz\/sr\/#organization"
                    },
                    "image": {
                        "@id": "https:\/\/pro-bit.biz\/en\/pro-bit-obvestilo-pojasnilo-pri-evidentiranju-mp-po-1-6-2020\/#primaryimage"
                    },
                    "thumbnailUrl": "https:\/\/pro-bit.biz\/\/wp-content\/uploads\/2020\/10\/okroznica_povracilo-proracun-RS.png",
                    "articleSection": [
                        "Novice in obvestila"
                    ],
                    "inLanguage": "sl-SI",
                    "potentialAction": [
                        {
                            "@type": "CommentAction",
                            "name": "Comment",
                            "target": [
                                "https:\/\/pro-bit.biz\/en\/pro-bit-obvestilo-pojasnilo-pri-evidentiranju-mp-po-1-6-2020\/#respond"
                            ]
                        }
                    ]
                },
                {
                    "@type": "WebPage",
                    "@id": "https:\/\/pro-bit.biz\/en\/pro-bit-obvestilo-pojasnilo-pri-evidentiranju-mp-po-1-6-2020\/",
                    "url": "https:\/\/pro-bit.biz\/en\/pro-bit-obvestilo-pojasnilo-pri-evidentiranju-mp-po-1-6-2020\/",
                    "name": "Pro-bit obvestilo: Pojasnilo pri evidentiranju MP po 1.6.2020 - Pro-Bit Beograd d.o.o. - RE\u0160ENJA, KOJA RASTU SA VAMA",
                    "isPartOf": {
                        "@id": "https:\/\/pro-bit.biz\/sr\/#website"
                    },
                    "primaryImageOfPage": {
                        "@id": "https:\/\/pro-bit.biz\/en\/pro-bit-obvestilo-pojasnilo-pri-evidentiranju-mp-po-1-6-2020\/#primaryimage"
                    },
                    "image": {
                        "@id": "https:\/\/pro-bit.biz\/en\/pro-bit-obvestilo-pojasnilo-pri-evidentiranju-mp-po-1-6-2020\/#primaryimage"
                    },
                    "thumbnailUrl": "https:\/\/pro-bit.biz\/\/wp-content\/uploads\/2020\/10\/okroznica_povracilo-proracun-RS.png",
                    "datePublished": "2020-10-23T12:13:41+00:00",
                    "dateModified": "2020-10-23T12:17:31+00:00",
                    "breadcrumb": {
                        "@id": "https:\/\/pro-bit.biz\/en\/pro-bit-obvestilo-pojasnilo-pri-evidentiranju-mp-po-1-6-2020\/#breadcrumb"
                    },
                    "inLanguage": "sl-SI",
                    "potentialAction": [
                        {
                            "@type": "ReadAction",
                            "target": [
                                "https:\/\/pro-bit.biz\/en\/pro-bit-obvestilo-pojasnilo-pri-evidentiranju-mp-po-1-6-2020\/"
                            ]
                        }
                    ]
                },
                {
                    "@type": "ImageObject",
                    "inLanguage": "sl-SI",
                    "@id": "https:\/\/pro-bit.biz\/en\/pro-bit-obvestilo-pojasnilo-pri-evidentiranju-mp-po-1-6-2020\/#primaryimage",
                    "url": "https:\/\/pro-bit.biz\/\/wp-content\/uploads\/2020\/10\/okroznica_povracilo-proracun-RS.png",
                    "contentUrl": "https:\/\/pro-bit.biz\/\/wp-content\/uploads\/2020\/10\/okroznica_povracilo-proracun-RS.png"
                },
                {
                    "@type": "BreadcrumbList",
                    "@id": "https:\/\/pro-bit.biz\/en\/pro-bit-obvestilo-pojasnilo-pri-evidentiranju-mp-po-1-6-2020\/#breadcrumb",
                    "itemListElement": [
                        {
                            "@type": "ListItem",
                            "position": 1,
                            "name": "Home",
                            "item": "https:\/\/pro-bit.biz\/"
                        },
                        {
                            "@type": "ListItem",
                            "position": 2,
                            "name": "Pro-bit obvestilo: Pojasnilo pri evidentiranju MP po 1.6.2020"
                        }
                    ]
                },
                {
                    "@type": "WebSite",
                    "@id": "https:\/\/pro-bit.biz\/sr\/#website",
                    "url": "https:\/\/pro-bit.biz\/sr\/",
                    "name": "Pro-Bit",
                    "description": "U preduze\u0107u Pro-bit Beograd d.o.o. bavimo se celovitim re\u0161enjima na polju informatike. Na\u0161a ponuda uklju\u010duje sve potrebno za izgradnju celovitih informacionih sistema.",
                    "publisher": {
                        "@id": "https:\/\/pro-bit.biz\/sr\/#organization"
                    },
                    "potentialAction": [
                        {
                            "@type": "SearchAction",
                            "target": {
                                "@type": "EntryPoint",
                                "urlTemplate": "https:\/\/pro-bit.biz\/sr\/?s={search_term_string}"
                            },
                            "query-input": "required name=search_term_string"
                        }
                    ],
                    "inLanguage": "sl-SI"
                },
                {
                    "@type": "Organization",
                    "@id": "https:\/\/pro-bit.biz\/sr\/#organization",
                    "name": "Pro-Bit",
                    "url": "https:\/\/pro-bit.biz\/sr\/",
                    "logo": {
                        "@type": "ImageObject",
                        "inLanguage": "sl-SI",
                        "@id": "https:\/\/pro-bit.biz\/sr\/#\/schema\/logo\/image\/",
                        "url": "https:\/\/dev.pro-bit.biz\/wp-content\/uploads\/2020\/05\/faviconpb2.png",
                        "contentUrl": "https:\/\/dev.pro-bit.biz\/wp-content\/uploads\/2020\/05\/faviconpb2.png",
                        "width": 512,
                        "height": 512,
                        "caption": "Pro-Bit"
                    },
                    "image": {
                        "@id": "https:\/\/pro-bit.biz\/sr\/#\/schema\/logo\/image\/"
                    },
                    "sameAs": [
                        "https:\/\/www.facebook.com\/Probit2020\/",
                        "https:\/\/www.linkedin.com\/company\/pro-bit-programska-oprema-d-o-o-\/"
                    ]
                },
                {
                    "@type": "Person",
                    "@id": "https:\/\/pro-bit.biz\/sr\/#\/schema\/person\/2bee56fc966b6ce8e570a107920d1594",
                    "name": "adminProbitBiz",
                    "image": {
                        "@type": "ImageObject",
                        "inLanguage": "sl-SI",
                        "@id": "https:\/\/pro-bit.biz\/sr\/#\/schema\/person\/image\/",
                        "url": "https:\/\/secure.gravatar.com\/avatar\/f3246304def2508d4e66da3a7f9a4abb?s=96&d=mm&r=g",
                        "contentUrl": "https:\/\/secure.gravatar.com\/avatar\/f3246304def2508d4e66da3a7f9a4abb?s=96&d=mm&r=g",
                        "caption": "adminProbitBiz"
                    }
                }
            ]
        }
    },
    "ticketed": false,
    "_links": {
        "self": [
            {
                "href": "https:\/\/pro-bit.biz\/sl\/wp-json\/wp\/v2\/posts\/4948"
            }
        ],
        "collection": [
            {
                "href": "https:\/\/pro-bit.biz\/sl\/wp-json\/wp\/v2\/posts"
            }
        ],
        "about": [
            {
                "href": "https:\/\/pro-bit.biz\/sl\/wp-json\/wp\/v2\/types\/post"
            }
        ],
        "author": [
            {
                "embeddable": true,
                "href": "https:\/\/pro-bit.biz\/sl\/wp-json\/wp\/v2\/users\/1"
            }
        ],
        "replies": [
            {
                "embeddable": true,
                "href": "https:\/\/pro-bit.biz\/sl\/wp-json\/wp\/v2\/comments?post=4948"
            }
        ],
        "version-history": [
            {
                "count": 2,
                "href": "https:\/\/pro-bit.biz\/sl\/wp-json\/wp\/v2\/posts\/4948\/revisions"
            }
        ],
        "predecessor-version": [
            {
                "id": 4951,
                "href": "https:\/\/pro-bit.biz\/sl\/wp-json\/wp\/v2\/posts\/4948\/revisions\/4951"
            }
        ],
        "wp:attachment": [
            {
                "href": "https:\/\/pro-bit.biz\/sl\/wp-json\/wp\/v2\/media?parent=4948"
            }
        ],
        "wp:term": [
            {
                "taxonomy": "category",
                "embeddable": true,
                "href": "https:\/\/pro-bit.biz\/sl\/wp-json\/wp\/v2\/categories?post=4948"
            },
            {
                "taxonomy": "post_tag",
                "embeddable": true,
                "href": "https:\/\/pro-bit.biz\/sl\/wp-json\/wp\/v2\/tags?post=4948"
            }
        ],
        "curies": [
            {
                "name": "wp",
                "href": "https:\/\/api.w.org\/{rel}",
                "templated": true
            }
        ]
    }
}