{
    "id": 4970,
    "date": "2020-11-10T15:51:10",
    "date_gmt": "2020-11-10T13:51:10",
    "guid": {
        "rendered": "https:\/\/pro-bit.si\/?p=4970"
    },
    "modified": "2020-11-30T14:27:51",
    "modified_gmt": "2020-11-30T12:27:51",
    "slug": "jesenski-racunovodski-zajtrk",
    "status": "publish",
    "type": "post",
    "link": "https:\/\/pro-bit.biz\/sl\/jesenski-racunovodski-zajtrk\/",
    "title": {
        "rendered": "Jesenski ra\u010dunovodski zajtrk &#8211; PRESTAVLJEN NA DECEMBER"
    },
    "content": {
        "rendered": "<div data-elementor-type=\"wp-post\" data-elementor-id=\"4970\" class=\"elementor elementor-4970\">\n\t\t\t\t\t\t<section class=\"elementor-section elementor-top-section elementor-element elementor-element-50196c5 elementor-section-boxed elementor-section-height-default elementor-section-height-default\" data-id=\"50196c5\" data-element_type=\"section\">\n\t\t\t\t\t\t<div class=\"elementor-container elementor-column-gap-default\">\n\t\t\t\t\t<div class=\"elementor-column elementor-col-100 elementor-top-column elementor-element elementor-element-994b14a\" data-id=\"994b14a\" data-element_type=\"column\">\n\t\t\t<div class=\"elementor-widget-wrap elementor-element-populated\">\n\t\t\t\t\t\t<div class=\"elementor-element elementor-element-4835ffa elementor-widget elementor-widget-image\" data-id=\"4835ffa\" data-element_type=\"widget\" data-widget_type=\"image.default\">\n\t\t\t\t<div class=\"elementor-widget-container\">\n\t\t\t\t\t\t\t\t\t\t\t\t\t<img fetchpriority=\"high\" decoding=\"async\" width=\"1024\" height=\"357\" src=\"https:\/\/pro-bit.biz\/wp-content\/uploads\/2020\/11\/Zimski-racunovodski-zajtrk-1024x357.png\" class=\"attachment-large size-large wp-image-5003\" alt=\"\" srcset=\"https:\/\/pro-bit.biz\/wp-content\/uploads\/2020\/11\/Zimski-racunovodski-zajtrk-1024x357.png 1024w, https:\/\/pro-bit.biz\/wp-content\/uploads\/2020\/11\/Zimski-racunovodski-zajtrk-300x105.png 300w, https:\/\/pro-bit.biz\/wp-content\/uploads\/2020\/11\/Zimski-racunovodski-zajtrk-768x268.png 768w, https:\/\/pro-bit.biz\/wp-content\/uploads\/2020\/11\/Zimski-racunovodski-zajtrk-1536x536.png 1536w, https:\/\/pro-bit.biz\/wp-content\/uploads\/2020\/11\/Zimski-racunovodski-zajtrk-2048x715.png 2048w\" sizes=\"(max-width: 1024px) 100vw, 1024px\" \/>\t\t\t\t\t\t\t\t\t\t\t\t\t<\/div>\n\t\t\t\t<\/div>\n\t\t\t\t<div class=\"elementor-element elementor-element-ed80d24 elementor-widget elementor-widget-text-editor\" data-id=\"ed80d24\" data-element_type=\"widget\" data-widget_type=\"text-editor.default\">\n\t\t\t\t<div class=\"elementor-widget-container\">\n\t\t\t\t\t\t\t<div><span style=\"color: #000000;\">Ne glede na dogajanje v povezavi s Covid-19,\u00a0<strong>na Pro-bitu nadaljujemo z na\u0161imi aktivnostmi in spletnimi sre\u010danji.<\/strong><\/span><\/div><div><span style=\"color: #000000;\">Sicer si \u017eelimo, da bi to bilo mogo\u010de izvesti v \u017eivo, vendar zaradi leto\u0161njih razmer to na \u017ealost ni mogo\u010de.\u00a0<\/span><\/div><div>\u00a0<\/div><div><span style=\"color: #000000;\">Zato bo leto\u0161nji\u00a0<strong>jesenski ra\u010dunovodski zajtrk izveden preko spleta,\u00a0<\/strong>tako kot smo to izvedli spomladi.\u00a0<\/span><\/div>\t\t\t\t\t\t<\/div>\n\t\t\t\t<\/div>\n\t\t\t\t\t<\/div>\n\t\t<\/div>\n\t\t\t\t\t<\/div>\n\t\t<\/section>\n\t\t\t\t<section class=\"elementor-section elementor-top-section elementor-element elementor-element-e2cf4e9 elementor-section-boxed elementor-section-height-default elementor-section-height-default\" data-id=\"e2cf4e9\" data-element_type=\"section\">\n\t\t\t\t\t\t<div class=\"elementor-container elementor-column-gap-default\">\n\t\t\t\t\t<div class=\"elementor-column elementor-col-100 elementor-top-column elementor-element elementor-element-f0adc49\" data-id=\"f0adc49\" data-element_type=\"column\">\n\t\t\t<div class=\"elementor-widget-wrap elementor-element-populated\">\n\t\t\t\t\t\t<div class=\"elementor-element elementor-element-b982095 elementor-cta--skin-classic elementor-animated-content elementor-bg-transform elementor-bg-transform-zoom-in elementor-widget elementor-widget-call-to-action\" data-id=\"b982095\" data-element_type=\"widget\" data-widget_type=\"call-to-action.default\">\n\t\t\t\t<div class=\"elementor-widget-container\">\n\t\t\t\t\t<div class=\"elementor-cta\">\n\t\t\t\t\t<div class=\"elementor-cta__bg-wrapper\">\n\t\t\t\t<div class=\"elementor-cta__bg elementor-bg lazyload\" style=\"background-image:inherit;\" data-bg-image=\"url(https:\/\/pro-bit.biz\/wp-content\/uploads\/2020\/11\/jesenski-racunovodski-zajtrk-1024x536.png)\"><\/div>\n\t\t\t\t<div class=\"elementor-cta__bg-overlay\"><\/div>\n\t\t\t<\/div>\n\t\t\t\t\t\t\t<div class=\"elementor-cta__content\">\n\t\t\t\t\n\t\t\t\t<h2 class=\"elementor-cta__title elementor-cta__content-item elementor-content-item\">Kdaj bo potekal spletni ra\u010dunovodski zajtrk?<\/h2>\n\t\t\t\t\t\t\t\t\t<div class=\"elementor-cta__description elementor-cta__content-item elementor-content-item\">\n\t\t\t\t\t\tNa\u0161e dru\u017eenje bo potekalo v sredo, <b>9. decembra 2020, ob 9.00 uri.<\/b>\t\t\t\t\t<\/div>\n\t\t\t\t\n\t\t\t\t\t\t\t\t\t<div class=\"elementor-cta__button-wrapper elementor-cta__content-item elementor-content-item\">\n\t\t\t\t\t<a class=\"elementor-cta__button elementor-button elementor-size-md\" href=\"https:\/\/38a7214c.sibforms.com\/serve\/MUIEABJ9n4XhlLeyp86hdCcCuzbvOta2wZVV4yVt82ls68BhTOvrvXoefwKQYzT5zE-AsxgVtY0g1BMRkBaiJskCDcSAAoNwQHPt3Lq8OtCaoc7plkAOfnmwhwCVvsGVXFccAsp05Aq0BOhrMlJiCdhrz4_oc4LCRdhCy5SpLasfjCvfBPtoeTJR7wodbLcuBi2X1_V_FU3b_Lod\" target=\"_blank\">\n\t\t\t\t\t\tPrijava tukaj &gt;&gt;\t\t\t\t\t<\/a>\n\t\t\t\t\t<\/div>\n\t\t\t\t\t\t\t<\/div>\n\t\t\t\t\t\t<\/div>\n\t\t\t\t<\/div>\n\t\t\t\t<\/div>\n\t\t\t\t\t<\/div>\n\t\t<\/div>\n\t\t\t\t\t<\/div>\n\t\t<\/section>\n\t\t\t\t<section class=\"elementor-section elementor-top-section elementor-element elementor-element-6cadba1 elementor-section-boxed elementor-section-height-default elementor-section-height-default\" data-id=\"6cadba1\" data-element_type=\"section\">\n\t\t\t\t\t\t<div class=\"elementor-container elementor-column-gap-default\">\n\t\t\t\t\t<div class=\"elementor-column elementor-col-100 elementor-top-column elementor-element elementor-element-c21b3ff\" data-id=\"c21b3ff\" data-element_type=\"column\">\n\t\t\t<div class=\"elementor-widget-wrap elementor-element-populated\">\n\t\t\t\t\t\t<div class=\"elementor-element elementor-element-53084ff elementor-widget elementor-widget-heading\" data-id=\"53084ff\" data-element_type=\"widget\" data-widget_type=\"heading.default\">\n\t\t\t\t<div class=\"elementor-widget-container\">\n\t\t\t<h2 class=\"elementor-heading-title elementor-size-default\">O \u010dem bomo govorili?\n<\/h2>\t\t<\/div>\n\t\t\t\t<\/div>\n\t\t\t\t\t<\/div>\n\t\t<\/div>\n\t\t\t\t\t<\/div>\n\t\t<\/section>\n\t\t\t\t<section class=\"elementor-section elementor-top-section elementor-element elementor-element-b801b35 elementor-section-boxed elementor-section-height-default elementor-section-height-default\" data-id=\"b801b35\" data-element_type=\"section\">\n\t\t\t\t\t\t<div class=\"elementor-container elementor-column-gap-default\">\n\t\t\t\t\t<div class=\"elementor-column elementor-col-100 elementor-top-column elementor-element elementor-element-f3603c1\" data-id=\"f3603c1\" data-element_type=\"column\">\n\t\t\t<div class=\"elementor-widget-wrap elementor-element-populated\">\n\t\t\t\t\t\t<div class=\"elementor-element elementor-element-5c8f582 elementor-widget elementor-widget-text-editor\" data-id=\"5c8f582\" data-element_type=\"widget\" data-widget_type=\"text-editor.default\">\n\t\t\t\t<div class=\"elementor-widget-container\">\n\t\t\t\t\t\t\t<div style=\"text-align: center;\"><span style=\"color: #000000;\">Osrednja tematika dogodka bo:<\/span><\/div><div><h3 style=\"text-align: center;\"><span style=\"color: #00adee;\"><strong>Katere funkcionalnosti vam nudi na\u0161 modul Finance,<br \/>pa za to morda \u0161e ne veste?<\/strong><\/span><\/h3><p style=\"text-align: center;\"><span style=\"color: #000000;\">Pogovor bo potekal torej v sklopu predstavitve na\u0161ih ra\u010dunovodskih programov in mo\u017enosti, ki jih prina\u0161ajo povezave.<\/span><\/p><h3 style=\"text-align: center;\"><span style=\"color: #000000;\"><strong>Glavne teme bodo:<\/strong><\/span><\/h3><ul><li><span style=\"color: #000000;\">Pla\u010dilni promet, DDV in avtomatske temeljnice.<\/span><\/li><li><span style=\"color: #000000;\">Glavna knjiga s saldakonti (vnos in knji\u017eenje temeljnic, glavni izpisi \u2013 bilance, poro\u010dila glavne knjige, kompenzacije).<\/span><\/li><li><span style=\"color: #000000;\">Spremenjeno poro\u010danje v VIES poro\u010dilu za konsignacije.<\/span><\/li><\/ul><p style=\"text-align: center;\"><br \/><span style=\"color: #000000;\">Dodatna tema bo kratka predstavitev potnih nalogov v povezavi z ra\u010dunovodskim programom.<\/span><\/p><\/div>\t\t\t\t\t\t<\/div>\n\t\t\t\t<\/div>\n\t\t\t\t\t<\/div>\n\t\t<\/div>\n\t\t\t\t\t<\/div>\n\t\t<\/section>\n\t\t\t\t<section class=\"elementor-section elementor-top-section elementor-element elementor-element-eb275d7 elementor-section-boxed elementor-section-height-default elementor-section-height-default\" data-id=\"eb275d7\" data-element_type=\"section\">\n\t\t\t\t\t\t<div class=\"elementor-container elementor-column-gap-default\">\n\t\t\t\t\t<div class=\"elementor-column elementor-col-100 elementor-top-column elementor-element elementor-element-4a40236\" data-id=\"4a40236\" data-element_type=\"column\">\n\t\t\t<div class=\"elementor-widget-wrap elementor-element-populated\">\n\t\t\t\t\t\t<div class=\"elementor-element elementor-element-9903407 elementor-button-info elementor-align-center elementor-widget elementor-widget-button\" data-id=\"9903407\" data-element_type=\"widget\" data-widget_type=\"button.default\">\n\t\t\t\t<div class=\"elementor-widget-container\">\n\t\t\t\t\t<div class=\"elementor-button-wrapper\">\n\t\t\t<a class=\"elementor-button elementor-button-link elementor-size-md\" href=\"https:\/\/38a7214c.sibforms.com\/serve\/MUIEABJ9n4XhlLeyp86hdCcCuzbvOta2wZVV4yVt82ls68BhTOvrvXoefwKQYzT5zE-AsxgVtY0g1BMRkBaiJskCDcSAAoNwQHPt3Lq8OtCaoc7plkAOfnmwhwCVvsGVXFccAsp05Aq0BOhrMlJiCdhrz4_oc4LCRdhCy5SpLasfjCvfBPtoeTJR7wodbLcuBi2X1_V_FU3b_Lod\" target=\"_blank\">\n\t\t\t\t\t\t<span class=\"elementor-button-content-wrapper\">\n\t\t\t\t\t\t\t\t\t<span class=\"elementor-button-text\">Prijava tukaj >><\/span>\n\t\t\t\t\t<\/span>\n\t\t\t\t\t<\/a>\n\t\t<\/div>\n\t\t\t\t<\/div>\n\t\t\t\t<\/div>\n\t\t\t\t\t<\/div>\n\t\t<\/div>\n\t\t\t\t\t<\/div>\n\t\t<\/section>\n\t\t\t\t<section class=\"elementor-section elementor-top-section elementor-element elementor-element-9bf1d29 elementor-section-boxed elementor-section-height-default elementor-section-height-default\" data-id=\"9bf1d29\" data-element_type=\"section\">\n\t\t\t\t\t\t<div class=\"elementor-container elementor-column-gap-default\">\n\t\t\t\t\t<div class=\"elementor-column elementor-col-100 elementor-top-column elementor-element elementor-element-5508b0a\" data-id=\"5508b0a\" data-element_type=\"column\">\n\t\t\t<div class=\"elementor-widget-wrap elementor-element-populated\">\n\t\t\t\t\t\t<div class=\"elementor-element elementor-element-0c0cbd8 elementor-widget elementor-widget-text-editor\" data-id=\"0c0cbd8\" data-element_type=\"widget\" data-widget_type=\"text-editor.default\">\n\t\t\t\t<div class=\"elementor-widget-container\">\n\t\t\t\t\t\t\t<h2 style=\"text-align: center;\"><span style=\"color: #000000;\"><strong>In ne pozabite!<\/strong><\/span><\/h2><div style=\"text-align: center;\"><span style=\"color: #000000;\">Na ra\u010dunovodskem zajtrku imate mo\u017enost izmenjave mnenj z drugimi uporabniki programa, kar daje temu dogodku neprecenljivo vrednost, pa \u010de tudi bo izvedeno preko spleta.<\/span><\/div>\t\t\t\t\t\t<\/div>\n\t\t\t\t<\/div>\n\t\t\t\t\t<\/div>\n\t\t<\/div>\n\t\t\t\t\t<\/div>\n\t\t<\/section>\n\t\t\t\t<section class=\"elementor-section elementor-top-section elementor-element elementor-element-cb4ab79 elementor-section-boxed elementor-section-height-default elementor-section-height-default\" data-id=\"cb4ab79\" data-element_type=\"section\">\n\t\t\t\t\t\t<div class=\"elementor-container elementor-column-gap-default\">\n\t\t\t\t\t<div class=\"elementor-column elementor-col-100 elementor-top-column elementor-element elementor-element-baa23ce\" data-id=\"baa23ce\" data-element_type=\"column\">\n\t\t\t<div class=\"elementor-widget-wrap elementor-element-populated\">\n\t\t\t\t\t\t<div class=\"elementor-element elementor-element-2458e2a elementor-widget-divider--view-line elementor-widget elementor-widget-divider\" data-id=\"2458e2a\" data-element_type=\"widget\" data-widget_type=\"divider.default\">\n\t\t\t\t<div class=\"elementor-widget-container\">\n\t\t\t\t\t<div class=\"elementor-divider\">\n\t\t\t<span class=\"elementor-divider-separator\">\n\t\t\t\t\t\t<\/span>\n\t\t<\/div>\n\t\t\t\t<\/div>\n\t\t\t\t<\/div>\n\t\t\t\t\t<\/div>\n\t\t<\/div>\n\t\t\t\t\t<\/div>\n\t\t<\/section>\n\t\t\t\t<section class=\"elementor-section elementor-top-section elementor-element elementor-element-15b9de8 elementor-section-boxed elementor-section-height-default elementor-section-height-default\" data-id=\"15b9de8\" data-element_type=\"section\">\n\t\t\t\t\t\t<div class=\"elementor-container elementor-column-gap-default\">\n\t\t\t\t\t<div class=\"elementor-column elementor-col-100 elementor-top-column elementor-element elementor-element-b031bd6\" data-id=\"b031bd6\" data-element_type=\"column\">\n\t\t\t<div class=\"elementor-widget-wrap elementor-element-populated\">\n\t\t\t\t\t\t<div class=\"elementor-element elementor-element-0bfb815 elementor-shape-rounded elementor-grid-0 e-grid-align-center elementor-widget elementor-widget-social-icons\" data-id=\"0bfb815\" data-element_type=\"widget\" data-widget_type=\"social-icons.default\">\n\t\t\t\t<div class=\"elementor-widget-container\">\n\t\t\t\t\t<div class=\"elementor-social-icons-wrapper elementor-grid\">\n\t\t\t\t\t\t\t<span class=\"elementor-grid-item\">\n\t\t\t\t\t<a class=\"elementor-icon elementor-social-icon elementor-social-icon-facebook elementor-repeater-item-ddc29ab\" href=\"https:\/\/www.facebook.com\/Probit2020\/\" target=\"_blank\">\n\t\t\t\t\t\t<span class=\"elementor-screen-only\">Facebook<\/span>\n\t\t\t\t\t\t<i class=\"fab fa-facebook\"><\/i>\t\t\t\t\t<\/a>\n\t\t\t\t<\/span>\n\t\t\t\t\t\t\t<span class=\"elementor-grid-item\">\n\t\t\t\t\t<a class=\"elementor-icon elementor-social-icon elementor-social-icon-linkedin elementor-repeater-item-fef40b9\" href=\"https:\/\/www.linkedin.com\/company\/pro-bit-programska-oprema-d-o-o-\/\" target=\"_blank\">\n\t\t\t\t\t\t<span class=\"elementor-screen-only\">Linkedin<\/span>\n\t\t\t\t\t\t<i class=\"fab fa-linkedin\"><\/i>\t\t\t\t\t<\/a>\n\t\t\t\t<\/span>\n\t\t\t\t\t<\/div>\n\t\t\t\t<\/div>\n\t\t\t\t<\/div>\n\t\t\t\t\t<\/div>\n\t\t<\/div>\n\t\t\t\t\t<\/div>\n\t\t<\/section>\n\t\t\t\t<section class=\"elementor-section elementor-top-section elementor-element elementor-element-9150527 elementor-section-boxed elementor-section-height-default elementor-section-height-default\" data-id=\"9150527\" data-element_type=\"section\">\n\t\t\t\t\t\t<div class=\"elementor-container elementor-column-gap-default\">\n\t\t\t\t\t<div class=\"elementor-column elementor-col-100 elementor-top-column elementor-element elementor-element-074fa40\" data-id=\"074fa40\" data-element_type=\"column\">\n\t\t\t<div class=\"elementor-widget-wrap elementor-element-populated\">\n\t\t\t\t\t\t<div class=\"elementor-element elementor-element-0594ef2 elementor-widget elementor-widget-facebook-button\" data-id=\"0594ef2\" data-element_type=\"widget\" data-widget_type=\"facebook-button.default\">\n\t\t\t\t<div class=\"elementor-widget-container\">\n\t\t\t\t\t<div data-layout=\"standard\" data-colorscheme=\"light\" data-size=\"large\" data-show-faces=\"false\" class=\"elementor-facebook-widget fb-like\" data-href=\"https:\/\/pro-bit.biz\/sl\/?p=4970\" data-share=\"true\" data-action=\"like\"><\/div>\n\t\t\t\t<\/div>\n\t\t\t\t<\/div>\n\t\t\t\t\t<\/div>\n\t\t<\/div>\n\t\t\t\t\t<\/div>\n\t\t<\/section>\n\t\t\t\t<\/div>",
        "protected": false
    },
    "excerpt": {
        "rendered": "<p>Ne glede na dogajanje v povezavi s Covid-19,\u00a0na Pro-bitu nadaljujemo z na\u0161imi aktivnostmi in spletnimi sre\u010danji.Sicer si \u017eelimo, da bi to bilo mogo\u010de izvesti v \u017eivo, vendar zaradi leto\u0161njih razmer [&hellip;]<\/p>",
        "protected": false
    },
    "author": 1,
    "featured_media": 0,
    "comment_status": "open",
    "ping_status": "open",
    "sticky": false,
    "template": "",
    "format": "standard",
    "meta": {
        "inline_featured_image": false,
        "_price": "",
        "_stock": "",
        "_tribe_ticket_header": "",
        "_tribe_default_ticket_provider": "",
        "_tribe_ticket_capacity": "0",
        "_ticket_start_date": "",
        "_ticket_end_date": "",
        "_tribe_ticket_show_description": "",
        "_tribe_ticket_show_not_going": false,
        "_tribe_ticket_use_global_stock": "",
        "_tribe_ticket_global_stock_level": "",
        "_global_stock_mode": "",
        "_global_stock_cap": "",
        "_tribe_rsvp_for_event": "",
        "_tribe_ticket_going_count": "",
        "_tribe_ticket_not_going_count": "",
        "_tribe_tickets_list": "[]",
        "_tribe_ticket_has_attendee_info_fields": false,
        "_EventAllDay": false,
        "_EventTimezone": "",
        "_EventStartDate": "",
        "_EventEndDate": "",
        "_EventStartDateUTC": "",
        "_EventEndDateUTC": "",
        "_EventShowMap": false,
        "_EventShowMapLink": false,
        "_EventURL": "",
        "_EventCost": "",
        "_EventCostDescription": "",
        "_EventCurrencySymbol": "",
        "_EventCurrencyCode": "",
        "_EventCurrencyPosition": "",
        "_EventDateTimeSeparator": "",
        "_EventTimeRangeSeparator": "",
        "_EventOrganizerID": [],
        "_EventVenueID": [],
        "_OrganizerEmail": "",
        "_OrganizerPhone": "",
        "_OrganizerWebsite": "",
        "_VenueAddress": "",
        "_VenueCity": "",
        "_VenueCountry": "",
        "_VenueProvince": "",
        "_VenueState": "",
        "_VenueZip": "",
        "_VenuePhone": "",
        "_VenueURL": "",
        "_VenueStateProvince": "",
        "_VenueLat": "",
        "_VenueLng": "",
        "_VenueShowMap": false,
        "_VenueShowMapLink": false,
        "ocean_post_layout": "",
        "ocean_both_sidebars_style": "",
        "ocean_both_sidebars_content_width": 0,
        "ocean_both_sidebars_sidebars_width": 0,
        "ocean_sidebar": "",
        "ocean_second_sidebar": "",
        "ocean_disable_margins": "enable",
        "ocean_add_body_class": "",
        "ocean_shortcode_before_top_bar": "",
        "ocean_shortcode_after_top_bar": "",
        "ocean_shortcode_before_header": "",
        "ocean_shortcode_after_header": "",
        "ocean_has_shortcode": "",
        "ocean_shortcode_after_title": "",
        "ocean_shortcode_before_footer_widgets": "",
        "ocean_shortcode_after_footer_widgets": "",
        "ocean_shortcode_before_footer_bottom": "",
        "ocean_shortcode_after_footer_bottom": "",
        "ocean_display_top_bar": "default",
        "ocean_display_header": "default",
        "ocean_header_style": "",
        "ocean_center_header_left_menu": "",
        "ocean_custom_header_template": "",
        "ocean_custom_logo": 0,
        "ocean_custom_retina_logo": 0,
        "ocean_custom_logo_max_width": 0,
        "ocean_custom_logo_tablet_max_width": 0,
        "ocean_custom_logo_mobile_max_width": 0,
        "ocean_custom_logo_max_height": 0,
        "ocean_custom_logo_tablet_max_height": 0,
        "ocean_custom_logo_mobile_max_height": 0,
        "ocean_header_custom_menu": "",
        "ocean_menu_typo_font_family": "",
        "ocean_menu_typo_font_subset": "",
        "ocean_menu_typo_font_size": 0,
        "ocean_menu_typo_font_size_tablet": 0,
        "ocean_menu_typo_font_size_mobile": 0,
        "ocean_menu_typo_font_size_unit": "px",
        "ocean_menu_typo_font_weight": "",
        "ocean_menu_typo_font_weight_tablet": "",
        "ocean_menu_typo_font_weight_mobile": "",
        "ocean_menu_typo_transform": "",
        "ocean_menu_typo_transform_tablet": "",
        "ocean_menu_typo_transform_mobile": "",
        "ocean_menu_typo_line_height": 0,
        "ocean_menu_typo_line_height_tablet": 0,
        "ocean_menu_typo_line_height_mobile": 0,
        "ocean_menu_typo_line_height_unit": "",
        "ocean_menu_typo_spacing": 0,
        "ocean_menu_typo_spacing_tablet": 0,
        "ocean_menu_typo_spacing_mobile": 0,
        "ocean_menu_typo_spacing_unit": "",
        "ocean_menu_link_color": "",
        "ocean_menu_link_color_hover": "",
        "ocean_menu_link_color_active": "",
        "ocean_menu_link_background": "",
        "ocean_menu_link_hover_background": "",
        "ocean_menu_link_active_background": "",
        "ocean_menu_social_links_bg": "",
        "ocean_menu_social_hover_links_bg": "",
        "ocean_menu_social_links_color": "",
        "ocean_menu_social_hover_links_color": "",
        "ocean_disable_title": "default",
        "ocean_disable_heading": "default",
        "ocean_post_title": "",
        "ocean_post_subheading": "",
        "ocean_post_title_style": "",
        "ocean_post_title_background_color": "",
        "ocean_post_title_background": 0,
        "ocean_post_title_bg_image_position": "",
        "ocean_post_title_bg_image_attachment": "",
        "ocean_post_title_bg_image_repeat": "",
        "ocean_post_title_bg_image_size": "",
        "ocean_post_title_height": 0,
        "ocean_post_title_bg_overlay": 0.5,
        "ocean_post_title_bg_overlay_color": "",
        "ocean_disable_breadcrumbs": "default",
        "ocean_breadcrumbs_color": "",
        "ocean_breadcrumbs_separator_color": "",
        "ocean_breadcrumbs_links_color": "",
        "ocean_breadcrumbs_links_hover_color": "",
        "ocean_display_footer_widgets": "default",
        "ocean_display_footer_bottom": "default",
        "ocean_custom_footer_template": "",
        "_tribe_events_control_status": "",
        "_tribe_events_control_status_canceled_reason": "",
        "_tribe_events_control_status_postponed_reason": "",
        "_tribe_events_control_online": "",
        "_tribe_events_control_online_url": "",
        "ocean_post_oembed": "",
        "ocean_post_self_hosted_media": "",
        "ocean_post_video_embed": "",
        "ocean_link_format": "",
        "ocean_link_format_target": "self",
        "ocean_quote_format": "",
        "ocean_quote_format_link": "post",
        "ocean_gallery_link_images": "on",
        "ocean_gallery_id": [],
        "footnotes": ""
    },
    "categories": [
        9
    ],
    "tags": [],
    "yoast_head": "<!-- This site is optimized with the Yoast SEO plugin v22.8 - https:\/\/yoast.com\/wordpress\/plugins\/seo\/ -->\n<title>Jesenski ra\u010dunovodski zajtrk - PRESTAVLJEN NA DECEMBER - Pro-Bit Beograd d.o.o. - RE\u0160ENJA, KOJA RASTU SA VAMA<\/title>\n<meta name=\"robots\" content=\"index, follow, max-snippet:-1, max-image-preview:large, max-video-preview:-1\" \/>\n<link rel=\"canonical\" href=\"https:\/\/pro-bit.biz\/sl\/jesenski-racunovodski-zajtrk\/\" \/>\n<meta property=\"og:locale\" content=\"sl_SI\" \/>\n<meta property=\"og:type\" content=\"article\" \/>\n<meta property=\"og:title\" content=\"Ra\u010dunovodski zajtrk - 9. december 2020\" \/>\n<meta property=\"og:description\" content=\"Pridru\u017eite se nam na tradicionalnem ra\u010dunovodskem zajtrku, 9.12.2020 ob 9.00 uri. Ve\u010d o tematiki in prijavi tukaj &gt;&gt;\" \/>\n<meta property=\"og:url\" content=\"https:\/\/pro-bit.biz\/sl\/jesenski-racunovodski-zajtrk\/\" \/>\n<meta property=\"og:site_name\" content=\"Pro-Bit Beograd d.o.o. - RE\u0160ENJA, KOJA RASTU SA VAMA\" \/>\n<meta property=\"article:publisher\" content=\"https:\/\/www.facebook.com\/Probit2020\/\" \/>\n<meta property=\"article:published_time\" content=\"2020-11-10T13:51:10+00:00\" \/>\n<meta property=\"article:modified_time\" content=\"2020-11-30T12:27:51+00:00\" \/>\n<meta property=\"og:image\" content=\"https:\/\/pro-bit.biz\/wp-content\/uploads\/2020\/11\/jesenski-racunovodski-zajtrk.png\" \/>\n\t<meta property=\"og:image:width\" content=\"1200\" \/>\n\t<meta property=\"og:image:height\" content=\"628\" \/>\n\t<meta property=\"og:image:type\" content=\"image\/png\" \/>\n<meta name=\"author\" content=\"adminProbitBiz\" \/>\n<meta name=\"twitter:card\" content=\"summary_large_image\" \/>\n<meta name=\"twitter:label1\" content=\"Written by\" \/>\n\t<meta name=\"twitter:data1\" content=\"adminProbitBiz\" \/>\n\t<meta name=\"twitter:label2\" content=\"Est. reading time\" \/>\n\t<meta name=\"twitter:data2\" content=\"1 minuta\" \/>\n<script type=\"application\/ld+json\" class=\"yoast-schema-graph\">{\"@context\":\"https:\/\/schema.org\",\"@graph\":[{\"@type\":\"Article\",\"@id\":\"https:\/\/pro-bit.biz\/sl\/jesenski-racunovodski-zajtrk\/#article\",\"isPartOf\":{\"@id\":\"https:\/\/pro-bit.biz\/sl\/jesenski-racunovodski-zajtrk\/\"},\"author\":{\"name\":\"adminProbitBiz\",\"@id\":\"https:\/\/pro-bit.biz\/sr\/#\/schema\/person\/2bee56fc966b6ce8e570a107920d1594\"},\"headline\":\"Jesenski ra\u010dunovodski zajtrk &#8211; PRESTAVLJEN NA DECEMBER\",\"datePublished\":\"2020-11-10T13:51:10+00:00\",\"dateModified\":\"2020-11-30T12:27:51+00:00\",\"mainEntityOfPage\":{\"@id\":\"https:\/\/pro-bit.biz\/sl\/jesenski-racunovodski-zajtrk\/\"},\"wordCount\":215,\"commentCount\":0,\"publisher\":{\"@id\":\"https:\/\/pro-bit.biz\/sr\/#organization\"},\"image\":{\"@id\":\"https:\/\/pro-bit.biz\/sl\/jesenski-racunovodski-zajtrk\/#primaryimage\"},\"thumbnailUrl\":\"https:\/\/pro-bit.biz\/\/wp-content\/uploads\/2020\/11\/Zimski-racunovodski-zajtrk-1024x357.png\",\"articleSection\":[\"Dogodki\"],\"inLanguage\":\"sl-SI\",\"potentialAction\":[{\"@type\":\"CommentAction\",\"name\":\"Comment\",\"target\":[\"https:\/\/pro-bit.biz\/sl\/jesenski-racunovodski-zajtrk\/#respond\"]}]},{\"@type\":\"WebPage\",\"@id\":\"https:\/\/pro-bit.biz\/sl\/jesenski-racunovodski-zajtrk\/\",\"url\":\"https:\/\/pro-bit.biz\/sl\/jesenski-racunovodski-zajtrk\/\",\"name\":\"Jesenski ra\u010dunovodski zajtrk - PRESTAVLJEN NA DECEMBER - Pro-Bit Beograd d.o.o. - RE\u0160ENJA, KOJA RASTU SA VAMA\",\"isPartOf\":{\"@id\":\"https:\/\/pro-bit.biz\/sr\/#website\"},\"primaryImageOfPage\":{\"@id\":\"https:\/\/pro-bit.biz\/sl\/jesenski-racunovodski-zajtrk\/#primaryimage\"},\"image\":{\"@id\":\"https:\/\/pro-bit.biz\/sl\/jesenski-racunovodski-zajtrk\/#primaryimage\"},\"thumbnailUrl\":\"https:\/\/pro-bit.biz\/\/wp-content\/uploads\/2020\/11\/Zimski-racunovodski-zajtrk-1024x357.png\",\"datePublished\":\"2020-11-10T13:51:10+00:00\",\"dateModified\":\"2020-11-30T12:27:51+00:00\",\"breadcrumb\":{\"@id\":\"https:\/\/pro-bit.biz\/sl\/jesenski-racunovodski-zajtrk\/#breadcrumb\"},\"inLanguage\":\"sl-SI\",\"potentialAction\":[{\"@type\":\"ReadAction\",\"target\":[\"https:\/\/pro-bit.biz\/sl\/jesenski-racunovodski-zajtrk\/\"]}]},{\"@type\":\"ImageObject\",\"inLanguage\":\"sl-SI\",\"@id\":\"https:\/\/pro-bit.biz\/sl\/jesenski-racunovodski-zajtrk\/#primaryimage\",\"url\":\"https:\/\/pro-bit.biz\/\/wp-content\/uploads\/2020\/11\/Zimski-racunovodski-zajtrk-1024x357.png\",\"contentUrl\":\"https:\/\/pro-bit.biz\/\/wp-content\/uploads\/2020\/11\/Zimski-racunovodski-zajtrk-1024x357.png\"},{\"@type\":\"BreadcrumbList\",\"@id\":\"https:\/\/pro-bit.biz\/sl\/jesenski-racunovodski-zajtrk\/#breadcrumb\",\"itemListElement\":[{\"@type\":\"ListItem\",\"position\":1,\"name\":\"Home\",\"item\":\"https:\/\/pro-bit.biz\/\"},{\"@type\":\"ListItem\",\"position\":2,\"name\":\"Jesenski ra\u010dunovodski zajtrk &#8211; PRESTAVLJEN NA DECEMBER\"}]},{\"@type\":\"WebSite\",\"@id\":\"https:\/\/pro-bit.biz\/sr\/#website\",\"url\":\"https:\/\/pro-bit.biz\/sr\/\",\"name\":\"Pro-Bit\",\"description\":\"U preduze\u0107u Pro-bit Beograd d.o.o. bavimo se celovitim re\u0161enjima na polju informatike. Na\u0161a ponuda uklju\u010duje sve potrebno za izgradnju celovitih informacionih sistema.\",\"publisher\":{\"@id\":\"https:\/\/pro-bit.biz\/sr\/#organization\"},\"potentialAction\":[{\"@type\":\"SearchAction\",\"target\":{\"@type\":\"EntryPoint\",\"urlTemplate\":\"https:\/\/pro-bit.biz\/sr\/?s={search_term_string}\"},\"query-input\":\"required name=search_term_string\"}],\"inLanguage\":\"sl-SI\"},{\"@type\":\"Organization\",\"@id\":\"https:\/\/pro-bit.biz\/sr\/#organization\",\"name\":\"Pro-Bit\",\"url\":\"https:\/\/pro-bit.biz\/sr\/\",\"logo\":{\"@type\":\"ImageObject\",\"inLanguage\":\"sl-SI\",\"@id\":\"https:\/\/pro-bit.biz\/sr\/#\/schema\/logo\/image\/\",\"url\":\"https:\/\/dev.pro-bit.biz\/wp-content\/uploads\/2020\/05\/faviconpb2.png\",\"contentUrl\":\"https:\/\/dev.pro-bit.biz\/wp-content\/uploads\/2020\/05\/faviconpb2.png\",\"width\":512,\"height\":512,\"caption\":\"Pro-Bit\"},\"image\":{\"@id\":\"https:\/\/pro-bit.biz\/sr\/#\/schema\/logo\/image\/\"},\"sameAs\":[\"https:\/\/www.facebook.com\/Probit2020\/\",\"https:\/\/www.linkedin.com\/company\/pro-bit-programska-oprema-d-o-o-\/\"]},{\"@type\":\"Person\",\"@id\":\"https:\/\/pro-bit.biz\/sr\/#\/schema\/person\/2bee56fc966b6ce8e570a107920d1594\",\"name\":\"adminProbitBiz\",\"image\":{\"@type\":\"ImageObject\",\"inLanguage\":\"sl-SI\",\"@id\":\"https:\/\/pro-bit.biz\/sr\/#\/schema\/person\/image\/\",\"url\":\"https:\/\/secure.gravatar.com\/avatar\/f3246304def2508d4e66da3a7f9a4abb?s=96&d=mm&r=g\",\"contentUrl\":\"https:\/\/secure.gravatar.com\/avatar\/f3246304def2508d4e66da3a7f9a4abb?s=96&d=mm&r=g\",\"caption\":\"adminProbitBiz\"}}]}<\/script>\n<!-- \/ Yoast SEO plugin. -->",
    "yoast_head_json": {
        "title": "Jesenski ra\u010dunovodski zajtrk - PRESTAVLJEN NA DECEMBER - Pro-Bit Beograd d.o.o. - RE\u0160ENJA, KOJA RASTU SA VAMA",
        "robots": {
            "index": "index",
            "follow": "follow",
            "max-snippet": "max-snippet:-1",
            "max-image-preview": "max-image-preview:large",
            "max-video-preview": "max-video-preview:-1"
        },
        "canonical": "https:\/\/pro-bit.biz\/sl\/jesenski-racunovodski-zajtrk\/",
        "og_locale": "sl_SI",
        "og_type": "article",
        "og_title": "Ra\u010dunovodski zajtrk - 9. december 2020",
        "og_description": "Pridru\u017eite se nam na tradicionalnem ra\u010dunovodskem zajtrku, 9.12.2020 ob 9.00 uri. Ve\u010d o tematiki in prijavi tukaj >>",
        "og_url": "https:\/\/pro-bit.biz\/sl\/jesenski-racunovodski-zajtrk\/",
        "og_site_name": "Pro-Bit Beograd d.o.o. - RE\u0160ENJA, KOJA RASTU SA VAMA",
        "article_publisher": "https:\/\/www.facebook.com\/Probit2020\/",
        "article_published_time": "2020-11-10T13:51:10+00:00",
        "article_modified_time": "2020-11-30T12:27:51+00:00",
        "og_image": [
            {
                "width": 1200,
                "height": 628,
                "url": "https:\/\/pro-bit.biz\/wp-content\/uploads\/2020\/11\/jesenski-racunovodski-zajtrk.png",
                "type": "image\/png"
            }
        ],
        "author": "adminProbitBiz",
        "twitter_card": "summary_large_image",
        "twitter_misc": {
            "Written by": "adminProbitBiz",
            "Est. reading time": "1 minuta"
        },
        "schema": {
            "@context": "https:\/\/schema.org",
            "@graph": [
                {
                    "@type": "Article",
                    "@id": "https:\/\/pro-bit.biz\/sl\/jesenski-racunovodski-zajtrk\/#article",
                    "isPartOf": {
                        "@id": "https:\/\/pro-bit.biz\/sl\/jesenski-racunovodski-zajtrk\/"
                    },
                    "author": {
                        "name": "adminProbitBiz",
                        "@id": "https:\/\/pro-bit.biz\/sr\/#\/schema\/person\/2bee56fc966b6ce8e570a107920d1594"
                    },
                    "headline": "Jesenski ra\u010dunovodski zajtrk &#8211; PRESTAVLJEN NA DECEMBER",
                    "datePublished": "2020-11-10T13:51:10+00:00",
                    "dateModified": "2020-11-30T12:27:51+00:00",
                    "mainEntityOfPage": {
                        "@id": "https:\/\/pro-bit.biz\/sl\/jesenski-racunovodski-zajtrk\/"
                    },
                    "wordCount": 215,
                    "commentCount": 0,
                    "publisher": {
                        "@id": "https:\/\/pro-bit.biz\/sr\/#organization"
                    },
                    "image": {
                        "@id": "https:\/\/pro-bit.biz\/sl\/jesenski-racunovodski-zajtrk\/#primaryimage"
                    },
                    "thumbnailUrl": "https:\/\/pro-bit.biz\/\/wp-content\/uploads\/2020\/11\/Zimski-racunovodski-zajtrk-1024x357.png",
                    "articleSection": [
                        "Dogodki"
                    ],
                    "inLanguage": "sl-SI",
                    "potentialAction": [
                        {
                            "@type": "CommentAction",
                            "name": "Comment",
                            "target": [
                                "https:\/\/pro-bit.biz\/sl\/jesenski-racunovodski-zajtrk\/#respond"
                            ]
                        }
                    ]
                },
                {
                    "@type": "WebPage",
                    "@id": "https:\/\/pro-bit.biz\/sl\/jesenski-racunovodski-zajtrk\/",
                    "url": "https:\/\/pro-bit.biz\/sl\/jesenski-racunovodski-zajtrk\/",
                    "name": "Jesenski ra\u010dunovodski zajtrk - PRESTAVLJEN NA DECEMBER - Pro-Bit Beograd d.o.o. - RE\u0160ENJA, KOJA RASTU SA VAMA",
                    "isPartOf": {
                        "@id": "https:\/\/pro-bit.biz\/sr\/#website"
                    },
                    "primaryImageOfPage": {
                        "@id": "https:\/\/pro-bit.biz\/sl\/jesenski-racunovodski-zajtrk\/#primaryimage"
                    },
                    "image": {
                        "@id": "https:\/\/pro-bit.biz\/sl\/jesenski-racunovodski-zajtrk\/#primaryimage"
                    },
                    "thumbnailUrl": "https:\/\/pro-bit.biz\/\/wp-content\/uploads\/2020\/11\/Zimski-racunovodski-zajtrk-1024x357.png",
                    "datePublished": "2020-11-10T13:51:10+00:00",
                    "dateModified": "2020-11-30T12:27:51+00:00",
                    "breadcrumb": {
                        "@id": "https:\/\/pro-bit.biz\/sl\/jesenski-racunovodski-zajtrk\/#breadcrumb"
                    },
                    "inLanguage": "sl-SI",
                    "potentialAction": [
                        {
                            "@type": "ReadAction",
                            "target": [
                                "https:\/\/pro-bit.biz\/sl\/jesenski-racunovodski-zajtrk\/"
                            ]
                        }
                    ]
                },
                {
                    "@type": "ImageObject",
                    "inLanguage": "sl-SI",
                    "@id": "https:\/\/pro-bit.biz\/sl\/jesenski-racunovodski-zajtrk\/#primaryimage",
                    "url": "https:\/\/pro-bit.biz\/\/wp-content\/uploads\/2020\/11\/Zimski-racunovodski-zajtrk-1024x357.png",
                    "contentUrl": "https:\/\/pro-bit.biz\/\/wp-content\/uploads\/2020\/11\/Zimski-racunovodski-zajtrk-1024x357.png"
                },
                {
                    "@type": "BreadcrumbList",
                    "@id": "https:\/\/pro-bit.biz\/sl\/jesenski-racunovodski-zajtrk\/#breadcrumb",
                    "itemListElement": [
                        {
                            "@type": "ListItem",
                            "position": 1,
                            "name": "Home",
                            "item": "https:\/\/pro-bit.biz\/"
                        },
                        {
                            "@type": "ListItem",
                            "position": 2,
                            "name": "Jesenski ra\u010dunovodski zajtrk &#8211; PRESTAVLJEN NA DECEMBER"
                        }
                    ]
                },
                {
                    "@type": "WebSite",
                    "@id": "https:\/\/pro-bit.biz\/sr\/#website",
                    "url": "https:\/\/pro-bit.biz\/sr\/",
                    "name": "Pro-Bit",
                    "description": "U preduze\u0107u Pro-bit Beograd d.o.o. bavimo se celovitim re\u0161enjima na polju informatike. Na\u0161a ponuda uklju\u010duje sve potrebno za izgradnju celovitih informacionih sistema.",
                    "publisher": {
                        "@id": "https:\/\/pro-bit.biz\/sr\/#organization"
                    },
                    "potentialAction": [
                        {
                            "@type": "SearchAction",
                            "target": {
                                "@type": "EntryPoint",
                                "urlTemplate": "https:\/\/pro-bit.biz\/sr\/?s={search_term_string}"
                            },
                            "query-input": "required name=search_term_string"
                        }
                    ],
                    "inLanguage": "sl-SI"
                },
                {
                    "@type": "Organization",
                    "@id": "https:\/\/pro-bit.biz\/sr\/#organization",
                    "name": "Pro-Bit",
                    "url": "https:\/\/pro-bit.biz\/sr\/",
                    "logo": {
                        "@type": "ImageObject",
                        "inLanguage": "sl-SI",
                        "@id": "https:\/\/pro-bit.biz\/sr\/#\/schema\/logo\/image\/",
                        "url": "https:\/\/dev.pro-bit.biz\/wp-content\/uploads\/2020\/05\/faviconpb2.png",
                        "contentUrl": "https:\/\/dev.pro-bit.biz\/wp-content\/uploads\/2020\/05\/faviconpb2.png",
                        "width": 512,
                        "height": 512,
                        "caption": "Pro-Bit"
                    },
                    "image": {
                        "@id": "https:\/\/pro-bit.biz\/sr\/#\/schema\/logo\/image\/"
                    },
                    "sameAs": [
                        "https:\/\/www.facebook.com\/Probit2020\/",
                        "https:\/\/www.linkedin.com\/company\/pro-bit-programska-oprema-d-o-o-\/"
                    ]
                },
                {
                    "@type": "Person",
                    "@id": "https:\/\/pro-bit.biz\/sr\/#\/schema\/person\/2bee56fc966b6ce8e570a107920d1594",
                    "name": "adminProbitBiz",
                    "image": {
                        "@type": "ImageObject",
                        "inLanguage": "sl-SI",
                        "@id": "https:\/\/pro-bit.biz\/sr\/#\/schema\/person\/image\/",
                        "url": "https:\/\/secure.gravatar.com\/avatar\/f3246304def2508d4e66da3a7f9a4abb?s=96&d=mm&r=g",
                        "contentUrl": "https:\/\/secure.gravatar.com\/avatar\/f3246304def2508d4e66da3a7f9a4abb?s=96&d=mm&r=g",
                        "caption": "adminProbitBiz"
                    }
                }
            ]
        }
    },
    "ticketed": false,
    "_links": {
        "self": [
            {
                "href": "https:\/\/pro-bit.biz\/sl\/wp-json\/wp\/v2\/posts\/4970"
            }
        ],
        "collection": [
            {
                "href": "https:\/\/pro-bit.biz\/sl\/wp-json\/wp\/v2\/posts"
            }
        ],
        "about": [
            {
                "href": "https:\/\/pro-bit.biz\/sl\/wp-json\/wp\/v2\/types\/post"
            }
        ],
        "author": [
            {
                "embeddable": true,
                "href": "https:\/\/pro-bit.biz\/sl\/wp-json\/wp\/v2\/users\/1"
            }
        ],
        "replies": [
            {
                "embeddable": true,
                "href": "https:\/\/pro-bit.biz\/sl\/wp-json\/wp\/v2\/comments?post=4970"
            }
        ],
        "version-history": [
            {
                "count": 7,
                "href": "https:\/\/pro-bit.biz\/sl\/wp-json\/wp\/v2\/posts\/4970\/revisions"
            }
        ],
        "predecessor-version": [
            {
                "id": 5053,
                "href": "https:\/\/pro-bit.biz\/sl\/wp-json\/wp\/v2\/posts\/4970\/revisions\/5053"
            }
        ],
        "wp:attachment": [
            {
                "href": "https:\/\/pro-bit.biz\/sl\/wp-json\/wp\/v2\/media?parent=4970"
            }
        ],
        "wp:term": [
            {
                "taxonomy": "category",
                "embeddable": true,
                "href": "https:\/\/pro-bit.biz\/sl\/wp-json\/wp\/v2\/categories?post=4970"
            },
            {
                "taxonomy": "post_tag",
                "embeddable": true,
                "href": "https:\/\/pro-bit.biz\/sl\/wp-json\/wp\/v2\/tags?post=4970"
            }
        ],
        "curies": [
            {
                "name": "wp",
                "href": "https:\/\/api.w.org\/{rel}",
                "templated": true
            }
        ]
    }
}